{"id":17818,"date":"2023-11-25T13:07:48","date_gmt":"2023-11-25T16:07:48","guid":{"rendered":"http:\/\/dgospel.com.br\/portal\/?p=17818"},"modified":"2023-11-25T13:08:32","modified_gmt":"2023-11-25T16:08:32","slug":"rubens-uchoa-propoe-cpi-para-investigar-a-situacao-do-transporte-publico-de-palmas","status":"publish","type":"post","link":"https:\/\/dgospel.com.br\/portal\/index.php\/2023\/11\/25\/rubens-uchoa-propoe-cpi-para-investigar-a-situacao-do-transporte-publico-de-palmas\/","title":{"rendered":"Rubens Uch\u00f4a Prop\u00f5e CPI para\u00a0investigar a situa\u00e7\u00e3o do transporte p\u00fablico de Palmas"},"content":{"rendered":"\n<p>Na sess\u00e3o ordin\u00e1ria na C\u00e2mara Municipal de Palmas, o vereador Rubens Uch\u00f4a (UNI\u00c3O) utilizou a tribuna para solicitar ao Executivo melhorias no transporte p\u00fablico da cidade de Palmas, Tocantins. Al\u00e9m disso, ele prop\u00f4s a cria\u00e7\u00e3o de uma Comiss\u00e3o Parlamentar de Inqu\u00e9rito (CPI) destinada a investigar a situa\u00e7\u00e3o do transporte p\u00fablico na capital.<\/p>\n\n\n\n<p>\u201cEsta gest\u00e3o respons\u00e1vel pelo transporte p\u00fablico n\u00e3o tem efetivamente gerido de forma adequada. Os cidad\u00e3os palmenses, que contribuem com seus impostos regularmente, t\u00eam enfrentado dificuldades significativas no sistema de transporte. \u00c9 imperativo que abramos uma CPI com urg\u00eancia para avaliar a situa\u00e7\u00e3o do transporte p\u00fablico de Palmas\u201d, afirmou o vereador Rubens Uch\u00f4a durante a sess\u00e3o.<\/p>\n\n\n\n<p>Em dezembro de 2022, a Prefeitura Municipal de Palmas assumiu a opera\u00e7\u00e3o do transporte p\u00fablico urbano por meio da Medida Provis\u00f3ria N\u00b0 5\/2022, publicada no Di\u00e1rio Oficial. No entanto, quase um ano ap\u00f3s essa transi\u00e7\u00e3o, o Executivo enfrenta desafios significativos, incluindo ve\u00edculos quebrados e incendiados, resultando em transtornos para diversos usu\u00e1rios que ficam no meio do caminho para seus locais de trabalho.<\/p>\n\n\n\n<p>O vereador Rubens Uch\u00f4a (UNI\u00c3O) tem sido constante em suas cobran\u00e7as por melhorias no transporte p\u00fablico, mantendo di\u00e1logo com o Executivo de Palmas, buscando solu\u00e7\u00f5es efetivas para os problemas enfrentados pelos usu\u00e1rios do sistema. A proposta da CPI visa aprofundar a an\u00e1lise da gest\u00e3o do transporte p\u00fablico, identificando as falhas e propondo medidas corretivas necess\u00e1rias para garantir um servi\u00e7o de qualidade \u00e0 popula\u00e7\u00e3o palmense.<\/p>\n\n\n\n<p>Fonte: podtocantins<\/p>\n","protected":false},"excerpt":{"rendered":"<p>Na sess\u00e3o ordin\u00e1ria na C\u00e2mara Municipal de Palmas, o vereador Rubens Uch\u00f4a (UNI\u00c3O) utilizou a tribuna para solicitar ao Executivo melhorias no transporte p\u00fablico da cidade de Palmas, Tocantins. Al\u00e9m disso, ele prop\u00f4s a cria\u00e7\u00e3o de uma Comiss\u00e3o Parlamentar de Inqu\u00e9rito (CPI) destinada a investigar a situa\u00e7\u00e3o do transporte p\u00fablico na capital. \u201cEsta gest\u00e3o respons\u00e1vel [&hellip;]<\/p>\n","protected":false},"author":2,"featured_media":17513,"comment_status":"open","ping_status":"open","sticky":false,"template":"","format":"standard","meta":[],"categories":[8],"tags":[13],"_links":{"self":[{"href":"https:\/\/dgospel.com.br\/portal\/index.php\/wp-json\/wp\/v2\/posts\/17818"}],"collection":[{"href":"https:\/\/dgospel.com.br\/portal\/index.php\/wp-json\/wp\/v2\/posts"}],"about":[{"href":"https:\/\/dgospel.com.br\/portal\/index.php\/wp-json\/wp\/v2\/types\/post"}],"author":[{"embeddable":true,"href":"https:\/\/dgospel.com.br\/portal\/index.php\/wp-json\/wp\/v2\/users\/2"}],"replies":[{"embeddable":true,"href":"https:\/\/dgospel.com.br\/portal\/index.php\/wp-json\/wp\/v2\/comments?post=17818"}],"version-history":[{"count":1,"href":"https:\/\/dgospel.com.br\/portal\/index.php\/wp-json\/wp\/v2\/posts\/17818\/revisions"}],"predecessor-version":[{"id":17819,"href":"https:\/\/dgospel.com.br\/portal\/index.php\/wp-json\/wp\/v2\/posts\/17818\/revisions\/17819"}],"wp:featuredmedia":[{"embeddable":true,"href":"https:\/\/dgospel.com.br\/portal\/index.php\/wp-json\/wp\/v2\/media\/17513"}],"wp:attachment":[{"href":"https:\/\/dgospel.com.br\/portal\/index.php\/wp-json\/wp\/v2\/media?parent=17818"}],"wp:term":[{"taxonomy":"category","embeddable":true,"href":"https:\/\/dgospel.com.br\/portal\/index.php\/wp-json\/wp\/v2\/categories?post=17818"},{"taxonomy":"post_tag","embeddable":true,"href":"https:\/\/dgospel.com.br\/portal\/index.php\/wp-json\/wp\/v2\/tags?post=17818"}],"curies":[{"name":"wp","href":"https:\/\/api.w.org\/{rel}","templated":true}]}}