{"id":1782,"date":"2018-11-07T11:36:45","date_gmt":"2018-11-07T13:36:45","guid":{"rendered":"http:\/\/dgospel.com.br\/portal\/?p=1782"},"modified":"2018-11-07T11:36:45","modified_gmt":"2018-11-07T13:36:45","slug":"jornalista-da-globo-ironiza-lema-de-bolsonaro-e-troca-deus-pela-constituicao","status":"publish","type":"post","link":"https:\/\/dgospel.com.br\/portal\/index.php\/2018\/11\/07\/jornalista-da-globo-ironiza-lema-de-bolsonaro-e-troca-deus-pela-constituicao\/","title":{"rendered":"Jornalista da Globo ironiza lema de Bolsonaro e troca Deus pela Constitui\u00e7\u00e3o"},"content":{"rendered":"<p>Na \u00faltima ter\u00e7a-feira (6),\u00a0<strong><a href=\"https:\/\/guiame.com.br\/gospel\/noticias\/bolsonaro-diz-que-ira-seguir-os-ensinamentos-de-deus-em-seu-governo.html\">Jair Bolsonaro<\/a><\/strong>\u00a0participou de uma homenagem \u00e0 Constitui\u00e7\u00e3o Federal na C\u00e2mara. A solenidade marcou o primeiro dia da agenda agenda oficial do capit\u00e3o como\u00a0<strong><a href=\"https:\/\/guiame.com.br\/gospel\/noticias\/jair-bolsonaro-e-eleito-presidente-do-brasil-no-segundo-turno.html\">presidente eleito<\/a><\/strong>, antes de sua posse. Por\u00e9m o evento foi noticiado pela rede Globo na manh\u00e3 desta quarta-feira com direito a ironias, como a \u00e2ncora do &#8216;Bom Dia Brasil&#8217;, Chico Pinheiro.<\/p>\n<p>Ao chamar a mat\u00e9ria durante a apresenta\u00e7\u00e3o do programa jornal\u00edstico matinal, Chico Pinheiro ironizou o principal slogan da campanha de Bolsonaro e trocou pela Constitui\u00e7\u00e3o na frase.<\/p>\n<p>&#8220;Brasil acima de tudo, Constitui\u00e7\u00e3o acima de todos&#8221;, disse o jornalista ao chamar a correspondente Juliana Monrone, que estava fazendo um link ao vivo de Bras\u00edlia.<\/p>\n<p>A postura de Chico faz coro com a de outros jornalistas do grupo de comunica\u00e7\u00e3o, como Mirian Leit\u00e3o, que considerou &#8220;perigosa para um Estado laico&#8221; a ora\u00e7\u00e3o feita por Bolsonaro, logo nas primeiras palavras do presidente eleito, ap\u00f3s a vit\u00f3ria dele nas urnas, em 28 de outubro.<\/p>\n<p>&#8220;O Estado do Brasil \u00e9 laico. Aquela cena muito inicial, que \u00e9 um grupo de crist\u00e3os, ainda que Magno Malta tenha falado nas outras denomina\u00e7\u00f5es crist\u00e3s, aquilo ali cria um pouco de preocupa\u00e7\u00e3o, porque o compromisso de um Estado laico \u00e9 fundamental&#8221;, disse a jornalista sobre a ora\u00e7\u00e3o de Magno Malta no dia.<\/p>\n<p><strong>Solenidade<\/strong><\/p>\n<p>Durante a homenagem \u00e0 constitui\u00e7\u00e3o, Bolsonaro reconheceu a import\u00e2ncia da Constitui\u00e7\u00e3o, que deve ser respeitada e assegurada, citando-a como &#8220;o norte da na\u00e7\u00e3o&#8221;, por\u00e9m tamb\u00e9m ressaltou a import\u00e2ncia da f\u00e9, citando Deus em v\u00e1rios momentos.<\/p>\n<p>&#8220;Na topografia existe tr\u00eas nortes: o da quadr\u00edcula, o verdadeiro e o magn\u00e9tico. Mas na democracia s\u00f3 um norte, \u00e9 o da nossa Constitui\u00e7\u00e3o. Juntos, presente Toffoli, querido Rodrigo Maia e demais autoridades da mesa, vamos continuar, presidente Temer, construindo o Brasil que o nosso povo merece&#8221;, destacou.<\/p>\n<p>&#8220;Temos tudo para sermos uma grande na\u00e7\u00e3o. E a uni\u00e3o de n\u00f3s, que no momento estamos aqui, ocupando cargos chaves na Rep\u00fablica, podemos, sim, mudar o destino dessa grande na\u00e7\u00e3o. Acredito em Deus, acredito no povo brasileiro, acredito em nosso potencial&#8221;, acrescentou.<\/p>\n<p>Em outro momento, Bolsonaro voltou a citar o principal lema de sua campanha: &#8220;Brasil acima de tudo, Deus acima de todos&#8221;.<\/p>\n<p>FONTE: GUIAME<\/p>\n","protected":false},"excerpt":{"rendered":"<p>Na \u00faltima ter\u00e7a-feira (6),\u00a0Jair Bolsonaro\u00a0participou de uma homenagem \u00e0 Constitui\u00e7\u00e3o Federal na C\u00e2mara. A solenidade marcou o primeiro dia da agenda agenda oficial do capit\u00e3o como\u00a0presidente eleito, antes de sua posse. Por\u00e9m o evento foi noticiado pela rede Globo na manh\u00e3 desta quarta-feira com direito a ironias, como a \u00e2ncora do &#8216;Bom Dia Brasil&#8217;, Chico [&hellip;]<\/p>\n","protected":false},"author":2,"featured_media":1783,"comment_status":"open","ping_status":"open","sticky":false,"template":"","format":"standard","meta":[],"categories":[2,6],"tags":[],"_links":{"self":[{"href":"https:\/\/dgospel.com.br\/portal\/index.php\/wp-json\/wp\/v2\/posts\/1782"}],"collection":[{"href":"https:\/\/dgospel.com.br\/portal\/index.php\/wp-json\/wp\/v2\/posts"}],"about":[{"href":"https:\/\/dgospel.com.br\/portal\/index.php\/wp-json\/wp\/v2\/types\/post"}],"author":[{"embeddable":true,"href":"https:\/\/dgospel.com.br\/portal\/index.php\/wp-json\/wp\/v2\/users\/2"}],"replies":[{"embeddable":true,"href":"https:\/\/dgospel.com.br\/portal\/index.php\/wp-json\/wp\/v2\/comments?post=1782"}],"version-history":[{"count":1,"href":"https:\/\/dgospel.com.br\/portal\/index.php\/wp-json\/wp\/v2\/posts\/1782\/revisions"}],"predecessor-version":[{"id":1784,"href":"https:\/\/dgospel.com.br\/portal\/index.php\/wp-json\/wp\/v2\/posts\/1782\/revisions\/1784"}],"wp:featuredmedia":[{"embeddable":true,"href":"https:\/\/dgospel.com.br\/portal\/index.php\/wp-json\/wp\/v2\/media\/1783"}],"wp:attachment":[{"href":"https:\/\/dgospel.com.br\/portal\/index.php\/wp-json\/wp\/v2\/media?parent=1782"}],"wp:term":[{"taxonomy":"category","embeddable":true,"href":"https:\/\/dgospel.com.br\/portal\/index.php\/wp-json\/wp\/v2\/categories?post=1782"},{"taxonomy":"post_tag","embeddable":true,"href":"https:\/\/dgospel.com.br\/portal\/index.php\/wp-json\/wp\/v2\/tags?post=1782"}],"curies":[{"name":"wp","href":"https:\/\/api.w.org\/{rel}","templated":true}]}}