{"id":17821,"date":"2023-11-27T09:12:20","date_gmt":"2023-11-27T12:12:20","guid":{"rendered":"http:\/\/dgospel.com.br\/portal\/?p=17821"},"modified":"2023-11-27T09:12:21","modified_gmt":"2023-11-27T12:12:21","slug":"em-evento-michelle-bolsonaro-recebe-titulo-de-cidada-do-rio","status":"publish","type":"post","link":"https:\/\/dgospel.com.br\/portal\/index.php\/2023\/11\/27\/em-evento-michelle-bolsonaro-recebe-titulo-de-cidada-do-rio\/","title":{"rendered":"Em evento, Michelle Bolsonaro recebe t\u00edtulo de Cidad\u00e3 do Rio"},"content":{"rendered":"\n<p>Neste s\u00e1bado (25), Michelle Bolsonaro, presidente do PL Mulher, bra\u00e7o do Partido Liberal, recebeu o t\u00edtulo de Cidad\u00e3 do Estado do Rio de Janeiro. A homenagem foi proposta pela deputada \u00cdndia Armelau (PL-RJ) e teve aprova\u00e7\u00e3o da Assembleia Legislativa do Rio (Alerj), na \u00faltima quarta-feira (22).<\/p>\n\n\n\n<p>Armelau entregou a placa para Michelle e falou em uni\u00e3o.<\/p>\n\n\n\n<p>\u2013 Precisamos nos unir. Agora \u00e9 o momento. Se passar um pouco mais, n\u00f3s n\u00e3o conseguimos pegar as r\u00e9deas do Brasil de novo. Fiquem conosco e confiem em n\u00f3s.<\/p>\n\n\n\n<p>A deputada contou ainda que foi dif\u00edcil conseguir o t\u00edtulo \u201cporque a esquerda n\u00e3o quer aceitar que essa mulher [Michelle] \u00e9 o s\u00edmbolo de empoderamento no Brasil\u201d.<\/p>\n\n\n\n<p>Michelle Bolsonaro discursou e orou durante evento no Rio de Janeiro. Ela falou sobre sua decis\u00e3o de se tornar ativa na pol\u00edtica.<\/p>\n\n\n\n<p>\u2013 Sempre gostei de servir nos bastidores. Eu n\u00e3o me via nesse papel de protagonista. Mas eu aceitei esse desafio, com muito frio na barriga. Por muito tempo eu n\u00e3o gostei de pol\u00edtica, porque eu falava: \u201csou uma pessoa do bem e n\u00e3o quero me misturar com coisa do mal\u201d. E quantas vezes n\u00f3s negligenciamos como crist\u00e3os. N\u00e3o se envolve n\u00e3o para ver quem \u00e9 que vai se envolver \u2013 declarou.<\/p>\n\n\n\n<p>A presidente do PL Mulher tamb\u00e9m fez cr\u00edticas ao governo Lula e se manifestou contra as viagens do atual presidente da Rep\u00fablica.<\/p>\n\n\n\n<p>\u2013 Esse governo trata as mulheres como produto. As descarta quando n\u00e3o precisa mais. Um governo b\u00e1rbaro, atroz. \u00c9 muito bom falar de socialismo viajando, de gravatinha cara. Ele [Lula] est\u00e1 fashionista. Cama cara, enxovais. Mas, isso, quem est\u00e1 pagando? N\u00f3s! \u00c9 dinheiro do contribuinte. Ent\u00e3o tem que ter responsabilidade. N\u00e3o precisa ficar fazendo tour pela Europa, fica mais um pouco no Brasil para ver a realidade do povo.<\/p>\n\n\n\n<blockquote class=\"wp-block-quote\"><p>&nbsp;Ver essa foto no Instagram<\/p><p>&nbsp;<\/p><p><a href=\"https:\/\/www.instagram.com\/reel\/C0Emvz5uv3k\/?utm_source=ig_embed&amp;utm_campaign=loading\" target=\"_blank\" rel=\"noreferrer noopener\">Uma publica\u00e7\u00e3o compartilhada por Pleno.News (@plenonews)<\/a><\/p><\/blockquote>\n","protected":false},"excerpt":{"rendered":"<p>Neste s\u00e1bado (25), Michelle Bolsonaro, presidente do PL Mulher, bra\u00e7o do Partido Liberal, recebeu o t\u00edtulo de Cidad\u00e3 do Estado do Rio de Janeiro. A homenagem foi proposta pela deputada \u00cdndia Armelau (PL-RJ) e teve aprova\u00e7\u00e3o da Assembleia Legislativa do Rio (Alerj), na \u00faltima quarta-feira (22). Armelau entregou a placa para Michelle e falou em [&hellip;]<\/p>\n","protected":false},"author":2,"featured_media":17822,"comment_status":"open","ping_status":"open","sticky":false,"template":"","format":"standard","meta":[],"categories":[4],"tags":[],"_links":{"self":[{"href":"https:\/\/dgospel.com.br\/portal\/index.php\/wp-json\/wp\/v2\/posts\/17821"}],"collection":[{"href":"https:\/\/dgospel.com.br\/portal\/index.php\/wp-json\/wp\/v2\/posts"}],"about":[{"href":"https:\/\/dgospel.com.br\/portal\/index.php\/wp-json\/wp\/v2\/types\/post"}],"author":[{"embeddable":true,"href":"https:\/\/dgospel.com.br\/portal\/index.php\/wp-json\/wp\/v2\/users\/2"}],"replies":[{"embeddable":true,"href":"https:\/\/dgospel.com.br\/portal\/index.php\/wp-json\/wp\/v2\/comments?post=17821"}],"version-history":[{"count":1,"href":"https:\/\/dgospel.com.br\/portal\/index.php\/wp-json\/wp\/v2\/posts\/17821\/revisions"}],"predecessor-version":[{"id":17823,"href":"https:\/\/dgospel.com.br\/portal\/index.php\/wp-json\/wp\/v2\/posts\/17821\/revisions\/17823"}],"wp:featuredmedia":[{"embeddable":true,"href":"https:\/\/dgospel.com.br\/portal\/index.php\/wp-json\/wp\/v2\/media\/17822"}],"wp:attachment":[{"href":"https:\/\/dgospel.com.br\/portal\/index.php\/wp-json\/wp\/v2\/media?parent=17821"}],"wp:term":[{"taxonomy":"category","embeddable":true,"href":"https:\/\/dgospel.com.br\/portal\/index.php\/wp-json\/wp\/v2\/categories?post=17821"},{"taxonomy":"post_tag","embeddable":true,"href":"https:\/\/dgospel.com.br\/portal\/index.php\/wp-json\/wp\/v2\/tags?post=17821"}],"curies":[{"name":"wp","href":"https:\/\/api.w.org\/{rel}","templated":true}]}}