{"id":17824,"date":"2023-11-27T09:15:54","date_gmt":"2023-11-27T12:15:54","guid":{"rendered":"http:\/\/dgospel.com.br\/portal\/?p=17824"},"modified":"2023-11-27T09:15:55","modified_gmt":"2023-11-27T12:15:55","slug":"deputado-gipao-anuncia-campanha-acao-pela-vida-para-doacao-de-sangue-em-araguaina","status":"publish","type":"post","link":"https:\/\/dgospel.com.br\/portal\/index.php\/2023\/11\/27\/deputado-gipao-anuncia-campanha-acao-pela-vida-para-doacao-de-sangue-em-araguaina\/","title":{"rendered":"Deputado Gip\u00e3o anuncia campanha A\u00e7\u00e3o pela Vida para doa\u00e7\u00e3o de sangue em Aragua\u00edna"},"content":{"rendered":"\n<p>O deputado estadual Gip\u00e3o lan\u00e7ou na manh\u00e3 deste s\u00e1bado (25), Dia Nacional do Doador de Sangue, o convite para que a comunidade participe da campanha de doa\u00e7\u00e3o de sangue, A\u00e7\u00e3o pela Vida, que acontecer\u00e1 entre os dias 04 e 09 de dezembro no Hemocentro de Aragua\u00edna.<\/p>\n\n\n\n<p>A mobiliza\u00e7\u00e3o acontece atrav\u00e9s de uma parceria do deputado, com o seu filho, vereador Matheus Mariano, e o Hemocentro. No v\u00eddeo oficial de divulga\u00e7\u00e3o, o l\u00edder visitou a unidade e fez quest\u00e3o de ser o primeiro doador da campanha.<\/p>\n\n\n\n<p>\u201cEu estou saindo do estamos juntos, para o vamos juntos, sendo o primeiro doador para incentivar todos os cidad\u00e3os de Aragua\u00edna e do estado a unir for\u00e7as para abastecer o hemocentro e salvar vidas. Muitas vezes nos preocupamos apenas quando temos algum parente ou amigo pr\u00f3ximo precisando. Por\u00e9m, devemos trabalhar para promover uma mudan\u00e7a de mentalidade na popula\u00e7\u00e3o, tornando a doa\u00e7\u00e3o de sangue um h\u00e1bito regular\u201d, incentivou o parlamentar.<\/p>\n\n\n\n<p>Sobre a data escolhida para a realiza\u00e7\u00e3o das a\u00e7\u00f5es, Gip\u00e3o observou a grande demanda de sangue que existe, devido \u00e0 agita\u00e7\u00e3o das datas festivas de fim de ano, al\u00e9m do n\u00famero expressivo de viagens o que aumenta o movimento de ve\u00edculos nas rodovias estaduais e federais e consequentemente os riscos de acidentes.<\/p>\n\n\n\n<p>\u201cA data foi escolhida de forma estrat\u00e9gica, j\u00e1 que nesta \u00e9poca acontecem festas, f\u00e9rias escolares e feriados, que de certa forma acabam impactando diretamente os estoques dos bancos de sangue. Ent\u00e3o creio que este seja o momento ideal para despertar esse sentimento de cuidado e amor ao pr\u00f3ximo, sendo atestado, por uma a\u00e7\u00e3o que certamente far\u00e1 a diferen\u00e7a na vida do nosso semelhante que tanto precisa\u201d, disse Gip\u00e3o.<\/p>\n\n\n\n<p><strong>Orienta\u00e7\u00f5es<\/strong><\/p>\n\n\n\n<p>No momento da doa\u00e7\u00e3o, a pessoa deve levar documento oficial de identidade com foto; estar bem de sa\u00fade; ter entre 16 e 69 anos; pesar mais de 50kg; n\u00e3o estar em jejum; evitar alimentos gordurosos nas tr\u00eas horas que antecedem a doa\u00e7\u00e3o.<\/p>\n\n\n\n<p>Os intervalos para doa\u00e7\u00e3o para homens \u00e9 de 60 dias (at\u00e9 quatro doa\u00e7\u00f5es por ano) e para mulheres, 90 dias (at\u00e9 tr\u00eas doa\u00e7\u00f5es por ano).<\/p>\n\n\n\n<p><strong>Hemocentro<\/strong><\/p>\n\n\n\n<p>O Hemocentro de Aragua\u00edna fica localizado na Rua 13 de Maio, n\u00ba 1336, no centro da cidade. O hor\u00e1rio de atendimento \u00e9 das 7h \u00e0s 18h, de segunda a sexta-feira, e aos s\u00e1bados das 7h \u00e0s 12h.<\/p>\n","protected":false},"excerpt":{"rendered":"<p>O deputado estadual Gip\u00e3o lan\u00e7ou na manh\u00e3 deste s\u00e1bado (25), Dia Nacional do Doador de Sangue, o convite para que a comunidade participe da campanha de doa\u00e7\u00e3o de sangue, A\u00e7\u00e3o pela Vida, que acontecer\u00e1 entre os dias 04 e 09 de dezembro no Hemocentro de Aragua\u00edna. A mobiliza\u00e7\u00e3o acontece atrav\u00e9s de uma parceria do deputado, [&hellip;]<\/p>\n","protected":false},"author":2,"featured_media":17825,"comment_status":"open","ping_status":"open","sticky":false,"template":"","format":"standard","meta":[],"categories":[8],"tags":[13],"_links":{"self":[{"href":"https:\/\/dgospel.com.br\/portal\/index.php\/wp-json\/wp\/v2\/posts\/17824"}],"collection":[{"href":"https:\/\/dgospel.com.br\/portal\/index.php\/wp-json\/wp\/v2\/posts"}],"about":[{"href":"https:\/\/dgospel.com.br\/portal\/index.php\/wp-json\/wp\/v2\/types\/post"}],"author":[{"embeddable":true,"href":"https:\/\/dgospel.com.br\/portal\/index.php\/wp-json\/wp\/v2\/users\/2"}],"replies":[{"embeddable":true,"href":"https:\/\/dgospel.com.br\/portal\/index.php\/wp-json\/wp\/v2\/comments?post=17824"}],"version-history":[{"count":1,"href":"https:\/\/dgospel.com.br\/portal\/index.php\/wp-json\/wp\/v2\/posts\/17824\/revisions"}],"predecessor-version":[{"id":17826,"href":"https:\/\/dgospel.com.br\/portal\/index.php\/wp-json\/wp\/v2\/posts\/17824\/revisions\/17826"}],"wp:featuredmedia":[{"embeddable":true,"href":"https:\/\/dgospel.com.br\/portal\/index.php\/wp-json\/wp\/v2\/media\/17825"}],"wp:attachment":[{"href":"https:\/\/dgospel.com.br\/portal\/index.php\/wp-json\/wp\/v2\/media?parent=17824"}],"wp:term":[{"taxonomy":"category","embeddable":true,"href":"https:\/\/dgospel.com.br\/portal\/index.php\/wp-json\/wp\/v2\/categories?post=17824"},{"taxonomy":"post_tag","embeddable":true,"href":"https:\/\/dgospel.com.br\/portal\/index.php\/wp-json\/wp\/v2\/tags?post=17824"}],"curies":[{"name":"wp","href":"https:\/\/api.w.org\/{rel}","templated":true}]}}