{"id":17827,"date":"2023-11-27T09:24:55","date_gmt":"2023-11-27T12:24:55","guid":{"rendered":"http:\/\/dgospel.com.br\/portal\/?p=17827"},"modified":"2023-11-27T09:24:56","modified_gmt":"2023-11-27T12:24:56","slug":"queremos-as-mulheres-na-politica-diz-bolsonaro-em-evento","status":"publish","type":"post","link":"https:\/\/dgospel.com.br\/portal\/index.php\/2023\/11\/27\/queremos-as-mulheres-na-politica-diz-bolsonaro-em-evento\/","title":{"rendered":"\u201cQueremos as mulheres na politica\u201d, diz Bolsonaro em evento"},"content":{"rendered":"\n<p>O ex-presidente Jair Bolsonaro participou de um evento do PL Mulher, neste s\u00e1bado (25), no Rio de Janeiro. Em seu discurso, ele falou sobre mulheres na pol\u00edtica.<\/p>\n\n\n\n<p>\u2013 Queremos as mulheres na politica, n\u00e3o por cotas mas por interesse de participar do futuro do Brasil. Aprendemos a cantar com emo\u00e7\u00e3o nosso hino nacional, a admirar cada vez mais as cores da nossa bandeira, a entender a import\u00e2ncia da nossa fam\u00edlia, dar valor \u00e0 propriedade privada, lutar contra as drogas e aborto. De vermos tamb\u00e9m que a liberdade n\u00e3o \u00e9 um bem eterno. Temos que cuidar dela dia a dia para que possamos usufruir \u2013 disse.<\/p>\n\n\n\n<p>Ele falou ainda sobre as elei\u00e7\u00f5es de 2022 e destacou que \u00e9 o ex mais querido do Brasil.<\/p>\n\n\n\n<p>\u2013 Ningu\u00e9m entendeu o que aconteceu em outubro do ano passado. Se eu sou o ex mais querido do Brasil, n\u00e3o sou ex por causa do povo. Voc\u00eas sabem quem interferiu e decidiu as elei\u00e7\u00f5es. Quem decidiu n\u00e3o foi o povo. O povo n\u00e3o foi respeitado. Mas vamos considerar o ano passado p\u00e1gina virada.<\/p>\n\n\n\n<figure class=\"wp-block-embed is-type-video is-provider-youtube wp-block-embed-youtube wp-embed-aspect-16-9 wp-has-aspect-ratio\"><div class=\"wp-block-embed__wrapper\">\n<iframe loading=\"lazy\" title=\"ENCONTRO ESTADUAL DO PL MULHER  DO  RIO DE\u00a0JANEIRO\" width=\"630\" height=\"354\" src=\"https:\/\/www.youtube.com\/embed\/sfF5oVuw5Fs?start=7893&#038;feature=oembed\" frameborder=\"0\" allow=\"accelerometer; autoplay; clipboard-write; encrypted-media; gyroscope; picture-in-picture; web-share\" allowfullscreen><\/iframe>\n<\/div><\/figure>\n","protected":false},"excerpt":{"rendered":"<p>O ex-presidente Jair Bolsonaro participou de um evento do PL Mulher, neste s\u00e1bado (25), no Rio de Janeiro. Em seu discurso, ele falou sobre mulheres na pol\u00edtica. \u2013 Queremos as mulheres na politica, n\u00e3o por cotas mas por interesse de participar do futuro do Brasil. Aprendemos a cantar com emo\u00e7\u00e3o nosso hino nacional, a admirar [&hellip;]<\/p>\n","protected":false},"author":2,"featured_media":17828,"comment_status":"open","ping_status":"open","sticky":false,"template":"","format":"standard","meta":[],"categories":[4],"tags":[],"_links":{"self":[{"href":"https:\/\/dgospel.com.br\/portal\/index.php\/wp-json\/wp\/v2\/posts\/17827"}],"collection":[{"href":"https:\/\/dgospel.com.br\/portal\/index.php\/wp-json\/wp\/v2\/posts"}],"about":[{"href":"https:\/\/dgospel.com.br\/portal\/index.php\/wp-json\/wp\/v2\/types\/post"}],"author":[{"embeddable":true,"href":"https:\/\/dgospel.com.br\/portal\/index.php\/wp-json\/wp\/v2\/users\/2"}],"replies":[{"embeddable":true,"href":"https:\/\/dgospel.com.br\/portal\/index.php\/wp-json\/wp\/v2\/comments?post=17827"}],"version-history":[{"count":1,"href":"https:\/\/dgospel.com.br\/portal\/index.php\/wp-json\/wp\/v2\/posts\/17827\/revisions"}],"predecessor-version":[{"id":17829,"href":"https:\/\/dgospel.com.br\/portal\/index.php\/wp-json\/wp\/v2\/posts\/17827\/revisions\/17829"}],"wp:featuredmedia":[{"embeddable":true,"href":"https:\/\/dgospel.com.br\/portal\/index.php\/wp-json\/wp\/v2\/media\/17828"}],"wp:attachment":[{"href":"https:\/\/dgospel.com.br\/portal\/index.php\/wp-json\/wp\/v2\/media?parent=17827"}],"wp:term":[{"taxonomy":"category","embeddable":true,"href":"https:\/\/dgospel.com.br\/portal\/index.php\/wp-json\/wp\/v2\/categories?post=17827"},{"taxonomy":"post_tag","embeddable":true,"href":"https:\/\/dgospel.com.br\/portal\/index.php\/wp-json\/wp\/v2\/tags?post=17827"}],"curies":[{"name":"wp","href":"https:\/\/api.w.org\/{rel}","templated":true}]}}