{"id":17833,"date":"2023-11-27T11:43:45","date_gmt":"2023-11-27T14:43:45","guid":{"rendered":"http:\/\/dgospel.com.br\/portal\/?p=17833"},"modified":"2023-11-27T11:43:46","modified_gmt":"2023-11-27T14:43:46","slug":"governo-do-tocantins-e-jovens-de-todo-o-estado-debatem-politicas-publicas-em-conferencia-realizada-em-palmas","status":"publish","type":"post","link":"https:\/\/dgospel.com.br\/portal\/index.php\/2023\/11\/27\/governo-do-tocantins-e-jovens-de-todo-o-estado-debatem-politicas-publicas-em-conferencia-realizada-em-palmas\/","title":{"rendered":"Governo do Tocantins e jovens de todo o Estado debatem pol\u00edticas p\u00fablicas em Confer\u00eancia realizada em Palmas"},"content":{"rendered":"\n<p>Palmas tornou-se palco da 4\u00aa Confer\u00eancia Estadual de Juventude. O evento promovido pelo Governo do Tocantins, por meio da Secretaria dos Esportes e Juventude (Seju), contou com as participa\u00e7\u00f5es de representantes da sociedade civil e dos movimentos sociais, da Secretaria Nacional de Juventude, do Conselho Nacional de Juventude (Conjuve), al\u00e9m de estudantes e gestores municipais.&nbsp;A programa\u00e7\u00e3o foi uma oportunidade de debater propostas para a constru\u00e7\u00e3o de pol\u00edticas p\u00fablicas de juventude e serviu de prepara\u00e7\u00e3o para a Confer\u00eancia Nacional de Juventude que ser\u00e1 realizada nos dias 14 a 17 de dezembro, em Bras\u00edlia\/DF.&nbsp;<\/p>\n\n\n\n<p>Com o tema,&nbsp;<em>Reconstruir o Presente, Construir o Futuro: Desenvolvimento, Direitos, Participa\u00e7\u00e3o e Bem Viver<\/em>, a programa\u00e7\u00e3o encerrou nessa sexta-feira, 24, na Universidade Federal do Tocantins (UFT). Na oportunidade, foram eleitos os delegados que representar\u00e3o o Tocantins na etapa nacional. A abertura foi realizada no dia 23, no Pal\u00e1cio Araguaia Jos\u00e9 Wilson Siqueira Campos.&nbsp;<\/p>\n\n\n\n<p>A secret\u00e1ria Nacional de Juventude Adjunta e vice-presidente do Conselho Nacional de Juventude, Jessy Dayane, ressaltou que a pol\u00edtica nacional de juventude \u00e9 marcada por desafios. \u201cAs Confer\u00eancias Estaduais e a Nacional abrem os processos de lutas para atendermos os anseios da juventude tocantinense e brasileira que se expressar\u00e3o na etapa nacional para que se tornem realidade. Comemoramos os 10 anos do Estatuto da Juventude que \u00e9 uma conquista, mas tamb\u00e9m uma reflex\u00e3o do que est\u00e1 no papel possa tornar-se algo de concreto na vida cotidiana dos jovens\u201d, destacou. &nbsp;&nbsp;<\/p>\n\n\n\n<p>O secret\u00e1rio Geral do Conselho Nacional da Juventude (Conjuve), Gustavo Gama, tamb\u00e9m enfatizou que esse foi o momento da constru\u00e7\u00e3o das pol\u00edticas p\u00fablicas de juventude. \u201cO Estado do Tocantins deu um show de protagonismo e for\u00e7a. Tenho certeza que dessa Confer\u00eancia sair\u00e3o grandes legados para a juventude brasileira. Parab\u00e9ns ao governador Wanderlei Barbosa e aos secret\u00e1rios Elenil da Penha e Atos Gomes por esse grande evento\u201d, refor\u00e7ou.&nbsp;<\/p>\n\n\n\n<p>A estudante e integrante do Movimento Kizomba e da Marcha Mundial das Mulheres, Ana Carolina Azevedo, destacou a import\u00e2ncia desse debate. \u201cNesse espa\u00e7o, a juventude no nosso Estado se reencontra para formular pol\u00edticas p\u00fablicas, para pensar no nosso futuro, mas principalmente porque daqui sair\u00e3o os futuros gestores e gestoras dessas pol\u00edticas que ser\u00e3o formuladas por n\u00f3s\u201d, destacou a jovem de 26 anos.&nbsp;<\/p>\n\n\n\n<p>O estudante de pedagogia, Mayellington Monteiro, 22 anos, de Araguatins, tamb\u00e9m participou das discuss\u00f5es de elabora\u00e7\u00e3o das politicas p\u00fablicas de juventude. \u201cA Confer\u00eancia Estadual de Juventude tem objetivos importantes que s\u00e3o debater e defender os direitos da juventude. Em Palmas, debatemos algumas propostas que foram defendidas nas regionais e que ser\u00e3o levadas para a etapa nacional\u201d, resumiu. \u00a0\u00a0<\/p>\n\n\n\n<p><img src=\"https:\/\/central.to.gov.br\/image\/356719?w=670&amp;h=383\"><\/p>\n\n\n\n<p>Secret\u00e1ria Nacional de Juventude Adjunta e vice-presidente do Conselho Nacional de Juventude, Jessy Dayane, ressaltou que a pol\u00edtica nacional de juventude \u00e9 marcada por desafios &#8211; Emerson Silva\/Governo do Tocantins\u00a0<\/p>\n\n\n\n<p><img src=\"https:\/\/central.to.gov.br\/image\/356720?w=670&amp;h=383\"><\/p>\n\n\n\n<p>Secret\u00e1rio Geral do Conselho Nacional de Juventude, Gustavo Gama, tamb\u00e9m enfatizou que esse foi o momento da constru\u00e7\u00e3o das pol\u00edticas p\u00fablicas de juventude &#8211; Emerson Silva\/Governo do Tocantins\u00a0<\/p>\n\n\n\n<p><img src=\"https:\/\/central.to.gov.br\/image\/356721?w=670&amp;h=383\"><\/p>\n\n\n\n<p>Jovem Ana Carolina Azevedo destacou que a partir das Confer\u00eancias sair\u00e3o os futuros gestores e gestoras das pol\u00edticas p\u00fablicas formuladas pelos pr\u00f3prios jovens &#8211; Emerson Silva\/Governo do Tocantins\u00a0<\/p>\n\n\n\n<p><img src=\"https:\/\/central.to.gov.br\/image\/356723?w=670&amp;h=383\"><\/p>\n\n\n\n<p>Delegados foram eleitos para representar o Tocantins na Confer\u00eancia Nacional de Juventude em Bras\u00edlia\/DF &#8211; Emerson Silva\/Governo do Tocantins\u00a0<\/p>\n\n\n\n<p><img src=\"https:\/\/central.to.gov.br\/image\/356722?w=670&amp;h=383\"><\/p>\n\n\n\n<p>Estudante de pedagogia, Mayellington Monteiro, de Araguatins, tamb\u00e9m participou das discuss\u00f5es de elabora\u00e7\u00e3o das pol\u00edticas p\u00fablicas de juventude &#8211; Emerson Silva\/Governo do Tocantins\u00a0<\/p>\n","protected":false},"excerpt":{"rendered":"<p>Palmas tornou-se palco da 4\u00aa Confer\u00eancia Estadual de Juventude. O evento promovido pelo Governo do Tocantins, por meio da Secretaria dos Esportes e Juventude (Seju), contou com as participa\u00e7\u00f5es de representantes da sociedade civil e dos movimentos sociais, da Secretaria Nacional de Juventude, do Conselho Nacional de Juventude (Conjuve), al\u00e9m de estudantes e gestores municipais.&nbsp;A [&hellip;]<\/p>\n","protected":false},"author":2,"featured_media":17834,"comment_status":"open","ping_status":"open","sticky":false,"template":"","format":"standard","meta":[],"categories":[3],"tags":[13],"_links":{"self":[{"href":"https:\/\/dgospel.com.br\/portal\/index.php\/wp-json\/wp\/v2\/posts\/17833"}],"collection":[{"href":"https:\/\/dgospel.com.br\/portal\/index.php\/wp-json\/wp\/v2\/posts"}],"about":[{"href":"https:\/\/dgospel.com.br\/portal\/index.php\/wp-json\/wp\/v2\/types\/post"}],"author":[{"embeddable":true,"href":"https:\/\/dgospel.com.br\/portal\/index.php\/wp-json\/wp\/v2\/users\/2"}],"replies":[{"embeddable":true,"href":"https:\/\/dgospel.com.br\/portal\/index.php\/wp-json\/wp\/v2\/comments?post=17833"}],"version-history":[{"count":1,"href":"https:\/\/dgospel.com.br\/portal\/index.php\/wp-json\/wp\/v2\/posts\/17833\/revisions"}],"predecessor-version":[{"id":17835,"href":"https:\/\/dgospel.com.br\/portal\/index.php\/wp-json\/wp\/v2\/posts\/17833\/revisions\/17835"}],"wp:featuredmedia":[{"embeddable":true,"href":"https:\/\/dgospel.com.br\/portal\/index.php\/wp-json\/wp\/v2\/media\/17834"}],"wp:attachment":[{"href":"https:\/\/dgospel.com.br\/portal\/index.php\/wp-json\/wp\/v2\/media?parent=17833"}],"wp:term":[{"taxonomy":"category","embeddable":true,"href":"https:\/\/dgospel.com.br\/portal\/index.php\/wp-json\/wp\/v2\/categories?post=17833"},{"taxonomy":"post_tag","embeddable":true,"href":"https:\/\/dgospel.com.br\/portal\/index.php\/wp-json\/wp\/v2\/tags?post=17833"}],"curies":[{"name":"wp","href":"https:\/\/api.w.org\/{rel}","templated":true}]}}