{"id":17839,"date":"2023-11-28T08:54:17","date_gmt":"2023-11-28T11:54:17","guid":{"rendered":"http:\/\/dgospel.com.br\/portal\/?p=17839"},"modified":"2023-11-28T17:47:01","modified_gmt":"2023-11-28T20:47:01","slug":"vandalismo-templo-de-igreja-assembleia-de-deus-e-depredado-no-para","status":"publish","type":"post","link":"https:\/\/dgospel.com.br\/portal\/index.php\/2023\/11\/28\/vandalismo-templo-de-igreja-assembleia-de-deus-e-depredado-no-para\/","title":{"rendered":"Vandalismo: Templo de igreja Assembleia de Deus \u00e9 depredado\u00a0no Par\u00e1"},"content":{"rendered":"\n<p>Em Bonito, Par\u00e1, um templo da Assembleia de Deus foi depredado. O caso foi divulgado, nesta segunda-feira (27), pelo telejornal TL TV, da Rede Liberal, afiliada da TV Globo no estado.<\/p>\n\n\n\n<p>Um boletim de ocorr\u00eancia foi registrado na \u00faltima sexta-feira (24), conforme revelou o pastor respons\u00e1vel pela congrega\u00e7\u00e3o. O nome do religioso n\u00e3o foi revelado pelo telejornal.<\/p>\n\n\n\n<p>Imagens de v\u00eddeo mostram janelas e cadeiras quebradas. Uma porta de vidro tamb\u00e9m foi alvo dos v\u00e2ndalos.<\/p>\n\n\n\n<p>A Pol\u00edcia Civil disse que agentes da delegacia de Bonito trabalham para identificar os envolvidos, de acordo com o portal G1.<\/p>\n","protected":false},"excerpt":{"rendered":"<p>Em Bonito, Par\u00e1, um templo da Assembleia de Deus foi depredado. O caso foi divulgado, nesta segunda-feira (27), pelo telejornal TL TV, da Rede Liberal, afiliada da TV Globo no estado. Um boletim de ocorr\u00eancia foi registrado na \u00faltima sexta-feira (24), conforme revelou o pastor respons\u00e1vel pela congrega\u00e7\u00e3o. O nome do religioso n\u00e3o foi revelado [&hellip;]<\/p>\n","protected":false},"author":2,"featured_media":17840,"comment_status":"open","ping_status":"open","sticky":false,"template":"","format":"standard","meta":[],"categories":[11,12,5],"tags":[],"_links":{"self":[{"href":"https:\/\/dgospel.com.br\/portal\/index.php\/wp-json\/wp\/v2\/posts\/17839"}],"collection":[{"href":"https:\/\/dgospel.com.br\/portal\/index.php\/wp-json\/wp\/v2\/posts"}],"about":[{"href":"https:\/\/dgospel.com.br\/portal\/index.php\/wp-json\/wp\/v2\/types\/post"}],"author":[{"embeddable":true,"href":"https:\/\/dgospel.com.br\/portal\/index.php\/wp-json\/wp\/v2\/users\/2"}],"replies":[{"embeddable":true,"href":"https:\/\/dgospel.com.br\/portal\/index.php\/wp-json\/wp\/v2\/comments?post=17839"}],"version-history":[{"count":1,"href":"https:\/\/dgospel.com.br\/portal\/index.php\/wp-json\/wp\/v2\/posts\/17839\/revisions"}],"predecessor-version":[{"id":17841,"href":"https:\/\/dgospel.com.br\/portal\/index.php\/wp-json\/wp\/v2\/posts\/17839\/revisions\/17841"}],"wp:featuredmedia":[{"embeddable":true,"href":"https:\/\/dgospel.com.br\/portal\/index.php\/wp-json\/wp\/v2\/media\/17840"}],"wp:attachment":[{"href":"https:\/\/dgospel.com.br\/portal\/index.php\/wp-json\/wp\/v2\/media?parent=17839"}],"wp:term":[{"taxonomy":"category","embeddable":true,"href":"https:\/\/dgospel.com.br\/portal\/index.php\/wp-json\/wp\/v2\/categories?post=17839"},{"taxonomy":"post_tag","embeddable":true,"href":"https:\/\/dgospel.com.br\/portal\/index.php\/wp-json\/wp\/v2\/tags?post=17839"}],"curies":[{"name":"wp","href":"https:\/\/api.w.org\/{rel}","templated":true}]}}