{"id":17845,"date":"2023-11-28T09:02:10","date_gmt":"2023-11-28T12:02:10","guid":{"rendered":"http:\/\/dgospel.com.br\/portal\/?p=17845"},"modified":"2023-11-28T09:02:11","modified_gmt":"2023-11-28T12:02:11","slug":"adolescente-troca-festa-de-15-anos-por-viagem-missionaria-na-africa-valeu-a-pena","status":"publish","type":"post","link":"https:\/\/dgospel.com.br\/portal\/index.php\/2023\/11\/28\/adolescente-troca-festa-de-15-anos-por-viagem-missionaria-na-africa-valeu-a-pena\/","title":{"rendered":"Adolescente troca festa de 15 anos por viagem mission\u00e1ria na \u00c1frica: \u201cValeu a pena\u201d"},"content":{"rendered":"\n<p>A adolescente crist\u00e3 Alice Porto, de Fortaleza (CE), escolheu trocar o sonho de ter uma festa de 15 anos para ir \u00e0 \u00c1frica em viagem mission\u00e1ria.<\/p>\n\n\n\n<p>Em entrevista ao&nbsp;<strong>Guiame<\/strong>&nbsp;em terra africana, Alice falou o que a motivou a passar duas semanas servindo no&nbsp;<strong><a href=\"https:\/\/guiame.com.br\/gospel\/missoes-acao-social\/como-o-ensino-e-palavra-de-deus-transformaram-uma-aldeia-no-malawi.html\">Malawi<\/a><\/strong>, atrav\u00e9s da&nbsp;<strong><a href=\"https:\/\/guiame.com.br\/gospel\/mundo-cristao\/menino-junta-dinheiro-em-cofre-e-oferta-criancas-na-africa.html\">Miss\u00e3o M\u00e3os Estendidas<\/a><\/strong>&nbsp;(MME), em vez de celebrar seu anivers\u00e1rio em uma grande festa.<\/p>\n\n\n\n<p>\u201cEu tinha esse sonho. Toda menina brasileira tem esse sonho, de ter uma festa de 15 anos, uma festa bonita com vestido\u201d, disse a menina.<\/p>\n\n\n\n<p>Nascida em uma fam\u00edlia mission\u00e1ria e filha do mission\u00e1rio Saulo Porto da MME, Alice continuou:&nbsp;<\/p>\n\n\n\n<p>\u201cEu sempre vi a ida do meu pai aos pa\u00edses da \u00c1frica, ouvia as hist\u00f3rias, isso foi o que me motivou bastante. Eu cresci em uma base mission\u00e1ria, ent\u00e3o eu sempre tive essa vis\u00e3o de miss\u00e3o\u201d.<\/p>\n\n\n\n<p>A decis\u00e3o de Alice foi apoiada por seus pais e irm\u00e3os na f\u00e9. \u201cA minha fam\u00edlia, os meus amigos, minha igreja sempre apoiaram muito. At\u00e9 a escola, que possibilitou eu estar aqui\u201d, contou.<\/p>\n\n\n\n<figure class=\"wp-block-embed is-type-video is-provider-youtube wp-block-embed-youtube wp-embed-aspect-16-9 wp-has-aspect-ratio\"><div class=\"wp-block-embed__wrapper\">\n<iframe loading=\"lazy\" title=\"Troquei uma festa de 15 anos por miss\u00f5es na \u00c1frica - ALICE PORTO\" width=\"630\" height=\"354\" src=\"https:\/\/www.youtube.com\/embed\/vePyOQpGDsE?feature=oembed\" frameborder=\"0\" allow=\"accelerometer; autoplay; clipboard-write; encrypted-media; gyroscope; picture-in-picture; web-share\" allowfullscreen><\/iframe>\n<\/div><\/figure>\n\n\n\n<p><strong>Testemunho de ren\u00fancia<\/strong><\/p>\n\n\n\n<p><strong><br><\/strong><sup><strong>Alice Porto passou duas semanas servindo no Malawi. (Foto: Guiame)<\/strong><\/sup><\/p>\n\n\n\n<p>No Malawi, a menina crist\u00e3 visitou duas escolas, uma prim\u00e1ria e outra de ensino m\u00e9dio, e compartilhou com os alunos seu testemunho de ren\u00fancia para viver os prop\u00f3sitos de Deus e servir ao pr\u00f3ximo.<\/p>\n\n\n\n<p>\u201cEu conversei com as meninas, e, inclusive, peguei o telefone de algumas para manter o contato\u201d, revelou ela.<\/p>\n\n\n\n<p>\u201cEstou tendo uma experi\u00eancia \u00f3tima. Tive contato com a cultura, com a fam\u00edlia africana, com a religi\u00e3o\u201d.<\/p>\n\n\n\n<p>Nas cidades em que viajou, Alice tamb\u00e9m teve contato com crian\u00e7as, que ficaram encantadas por ela.&nbsp;<\/p>\n\n\n\n<p>\u201cAs crian\u00e7as s\u00e3o lindas e muito puras. Adorei conhecer elas e j\u00e1 estou fazendo amizade\u201d, observou.<\/p>\n\n\n\n<p>Rodeada por crian\u00e7as, a adolescente declarou que n\u00e3o se arrepende de sua escolha. \u201cValeu a pena&nbsp;<strong><a href=\"https:\/\/guiame.com.br\/gospel\/missoes-acao-social\/noivos-trocam-festa-de-casamento-para-construir-escola-na-africa.html\">trocar a festa&nbsp;<\/a><\/strong>por essa experi\u00eancia. Est\u00e1 no cora\u00e7\u00e3o de Deus o desejo de aben\u00e7oar todas as na\u00e7\u00f5es\u201d, declarou.<\/p>\n\n\n\n<p><strong><br><\/strong><sup><strong>Alice Porto passou duas semanas servindo no Malawi. (Foto: Guiame)<\/strong><\/sup><\/p>\n\n\n\n<p><strong>Constru\u00e7\u00e3o de po\u00e7o<\/strong><\/p>\n\n\n\n<p>Alice&nbsp;est\u00e1 trabalhando para arrecadar fundos para a constru\u00e7\u00e3o de um po\u00e7o para combater a falta de \u00e1gua na regi\u00e3o.<\/p>\n\n\n\n<p>\u201cQuando eu pensei em vir aqui para o Malawi, eu observei a seca que esse pa\u00eds sofre. E eu quis pensar em uma solu\u00e7\u00e3o pr\u00e1tica para resolver, que seria a constru\u00e7\u00e3o de um po\u00e7o em alguma comunidade que sofre com esse problema\u201d, comentou.<\/p>\n\n\n\n<p>Doa\u00e7\u00f5es para o projeto&nbsp;podem ser enviadas&nbsp;atrav\u00e9s do PIX: prsauloporto@gmail.com.<\/p>\n","protected":false},"excerpt":{"rendered":"<p>A adolescente crist\u00e3 Alice Porto, de Fortaleza (CE), escolheu trocar o sonho de ter uma festa de 15 anos para ir \u00e0 \u00c1frica em viagem mission\u00e1ria. Em entrevista ao&nbsp;Guiame&nbsp;em terra africana, Alice falou o que a motivou a passar duas semanas servindo no&nbsp;Malawi, atrav\u00e9s da&nbsp;Miss\u00e3o M\u00e3os Estendidas&nbsp;(MME), em vez de celebrar seu anivers\u00e1rio em uma [&hellip;]<\/p>\n","protected":false},"author":2,"featured_media":17846,"comment_status":"open","ping_status":"open","sticky":false,"template":"","format":"standard","meta":[],"categories":[11,12,5],"tags":[],"_links":{"self":[{"href":"https:\/\/dgospel.com.br\/portal\/index.php\/wp-json\/wp\/v2\/posts\/17845"}],"collection":[{"href":"https:\/\/dgospel.com.br\/portal\/index.php\/wp-json\/wp\/v2\/posts"}],"about":[{"href":"https:\/\/dgospel.com.br\/portal\/index.php\/wp-json\/wp\/v2\/types\/post"}],"author":[{"embeddable":true,"href":"https:\/\/dgospel.com.br\/portal\/index.php\/wp-json\/wp\/v2\/users\/2"}],"replies":[{"embeddable":true,"href":"https:\/\/dgospel.com.br\/portal\/index.php\/wp-json\/wp\/v2\/comments?post=17845"}],"version-history":[{"count":1,"href":"https:\/\/dgospel.com.br\/portal\/index.php\/wp-json\/wp\/v2\/posts\/17845\/revisions"}],"predecessor-version":[{"id":17847,"href":"https:\/\/dgospel.com.br\/portal\/index.php\/wp-json\/wp\/v2\/posts\/17845\/revisions\/17847"}],"wp:featuredmedia":[{"embeddable":true,"href":"https:\/\/dgospel.com.br\/portal\/index.php\/wp-json\/wp\/v2\/media\/17846"}],"wp:attachment":[{"href":"https:\/\/dgospel.com.br\/portal\/index.php\/wp-json\/wp\/v2\/media?parent=17845"}],"wp:term":[{"taxonomy":"category","embeddable":true,"href":"https:\/\/dgospel.com.br\/portal\/index.php\/wp-json\/wp\/v2\/categories?post=17845"},{"taxonomy":"post_tag","embeddable":true,"href":"https:\/\/dgospel.com.br\/portal\/index.php\/wp-json\/wp\/v2\/tags?post=17845"}],"curies":[{"name":"wp","href":"https:\/\/api.w.org\/{rel}","templated":true}]}}