{"id":1785,"date":"2018-11-07T11:38:51","date_gmt":"2018-11-07T13:38:51","guid":{"rendered":"http:\/\/dgospel.com.br\/portal\/?p=1785"},"modified":"2018-11-07T11:38:51","modified_gmt":"2018-11-07T13:38:51","slug":"al-realizara-sessao-solene-em-homenagem-aos-30-anos-de-criacao-do-tocantins","status":"publish","type":"post","link":"https:\/\/dgospel.com.br\/portal\/index.php\/2018\/11\/07\/al-realizara-sessao-solene-em-homenagem-aos-30-anos-de-criacao-do-tocantins\/","title":{"rendered":"AL realizar\u00e1 sess\u00e3o solene em homenagem aos 30 anos de cria\u00e7\u00e3o do Tocantins"},"content":{"rendered":"<p>A Assembleia Legislativa realizar\u00e1 no pr\u00f3ximo dia 20 de novembro sess\u00e3o solene para celebrar os 30 anos de cria\u00e7\u00e3o do Estado do Tocantins. Na oportunidade, far\u00e1 entrega de Comendas do M\u00e9rito Legislativo a personalidades do estado. Em regime de urg\u00eancia, o requerimento, de autoria da presidente da Casa, Luana Ribeiro (PSDB), foi aprovado na semana passada.<\/p>\n<p>Segundo a parlamentar, a proposta visa a dar visibilidade a fatos hist\u00f3ricos e a todo o processo de cria\u00e7\u00e3o do Tocantins. \u201cPrecisamos entender a saga do nosso Estado dentro do contexto da hist\u00f3ria geral do Brasil e, principalmente, conhecer suas particularidades, como sua forma\u00e7\u00e3o social, formas de resist\u00eancias e buscas de alternativas para enfrentar as adversidades encontradas no caminho\u201d, justificou Luana.<\/p>\n<p>A sess\u00e3o solene est\u00e1 marcada para 20 de novembro, \u00e0s 15 horas. Os nomes dos homenageados com a Comenda do M\u00e9rito Legislativo foram indicados pelos parlamentares, conforme presta\u00e7\u00e3o de servi\u00e7os relevantes ao Estado do Tocantins e ao pa\u00eds. (Penaforte)<\/p>\n","protected":false},"excerpt":{"rendered":"<p>A Assembleia Legislativa realizar\u00e1 no pr\u00f3ximo dia 20 de novembro sess\u00e3o solene para celebrar os 30 anos de cria\u00e7\u00e3o do Estado do Tocantins. Na oportunidade, far\u00e1 entrega de Comendas do M\u00e9rito Legislativo a personalidades do estado. Em regime de urg\u00eancia, o requerimento, de autoria da presidente da Casa, Luana Ribeiro (PSDB), foi aprovado na semana [&hellip;]<\/p>\n","protected":false},"author":2,"featured_media":1786,"comment_status":"open","ping_status":"open","sticky":false,"template":"","format":"standard","meta":[],"categories":[8],"tags":[],"_links":{"self":[{"href":"https:\/\/dgospel.com.br\/portal\/index.php\/wp-json\/wp\/v2\/posts\/1785"}],"collection":[{"href":"https:\/\/dgospel.com.br\/portal\/index.php\/wp-json\/wp\/v2\/posts"}],"about":[{"href":"https:\/\/dgospel.com.br\/portal\/index.php\/wp-json\/wp\/v2\/types\/post"}],"author":[{"embeddable":true,"href":"https:\/\/dgospel.com.br\/portal\/index.php\/wp-json\/wp\/v2\/users\/2"}],"replies":[{"embeddable":true,"href":"https:\/\/dgospel.com.br\/portal\/index.php\/wp-json\/wp\/v2\/comments?post=1785"}],"version-history":[{"count":1,"href":"https:\/\/dgospel.com.br\/portal\/index.php\/wp-json\/wp\/v2\/posts\/1785\/revisions"}],"predecessor-version":[{"id":1787,"href":"https:\/\/dgospel.com.br\/portal\/index.php\/wp-json\/wp\/v2\/posts\/1785\/revisions\/1787"}],"wp:featuredmedia":[{"embeddable":true,"href":"https:\/\/dgospel.com.br\/portal\/index.php\/wp-json\/wp\/v2\/media\/1786"}],"wp:attachment":[{"href":"https:\/\/dgospel.com.br\/portal\/index.php\/wp-json\/wp\/v2\/media?parent=1785"}],"wp:term":[{"taxonomy":"category","embeddable":true,"href":"https:\/\/dgospel.com.br\/portal\/index.php\/wp-json\/wp\/v2\/categories?post=1785"},{"taxonomy":"post_tag","embeddable":true,"href":"https:\/\/dgospel.com.br\/portal\/index.php\/wp-json\/wp\/v2\/tags?post=1785"}],"curies":[{"name":"wp","href":"https:\/\/api.w.org\/{rel}","templated":true}]}}