{"id":17851,"date":"2023-11-28T17:09:40","date_gmt":"2023-11-28T20:09:40","guid":{"rendered":"http:\/\/dgospel.com.br\/portal\/?p=17851"},"modified":"2023-11-28T17:11:45","modified_gmt":"2023-11-28T20:11:45","slug":"pastora-ezenete-rodrigues-abre-comemoracao-dos-30-anos-da-igreja-batista-getsemani-em-palmas","status":"publish","type":"post","link":"https:\/\/dgospel.com.br\/portal\/index.php\/2023\/11\/28\/pastora-ezenete-rodrigues-abre-comemoracao-dos-30-anos-da-igreja-batista-getsemani-em-palmas\/","title":{"rendered":"Pastora Ezenete Rodrigues abre comemora\u00e7\u00e3o dos 30 Anos da Igreja Batista Gets\u00eamani em Palmas"},"content":{"rendered":"\n<p>Quando o tema \u00e9 ora\u00e7\u00e3o e intercess\u00e3o, um nome \u00e9 consenso entre os membros de igrejas evang\u00e9licas: Pastora Ezenete Rodrigues, l\u00edder de intercess\u00e3o na Igreja Batista da Lagoinha &#8211; MG e fundadora do Minist\u00e9rio Restaurando Vidas.<\/p>\n\n\n\n<p>Ezenete \u00e9 esperada neste final de semana, dia 03 de dezembro, \u00e0s 18h, para abrir oficialmente o m\u00eas de comemora\u00e7\u00e3o dos 30 anos da Igreja Batista Gets\u00eamani, em Palmas. O culto de celebra\u00e7\u00e3o ser\u00e1 no templo da igreja e aberto ao p\u00fablico em geral.<\/p>\n\n\n\n<p>A igreja celebrar\u00e1 seu trinten\u00e1rio em tom de gratid\u00e3o, com uma programa\u00e7\u00e3o voltada para integra\u00e7\u00e3o de seus membros e com o tradicional corte de bolo, no culto de celebra\u00e7\u00e3o do dia 5 de dezembro.<\/p>\n\n\n\n<p><strong>Quem \u00e9 Ezenete?<\/strong><\/p>\n\n\n\n<p>Pastora Ezenete Rodrigues \u00e9 l\u00edder de intercess\u00e3o na Igreja Batista da Lagoinha e fundadora do Minist\u00e9rio Restaurando Vidas, e da Associa\u00e7\u00e3o Servindo e Protegendo &#8211; ASSEP. Ela criou programas sociais como o abrigo Projeto Samuel e o AMGI para mulheres com gesta\u00e7\u00e3o indesejada. Al\u00e9m disso, a Est\u00e2ncia Para\u00edso recebeu mais de 50 mil pessoas para programas de restaura\u00e7\u00e3o espiritual e emocional.<\/p>\n\n\n\n<p><strong>Igreja Gets\u00eamani<\/strong><\/p>\n\n\n\n<p>A igreja Batista Gets\u00eamani de Palmas \u00e9 uma comunidade crist\u00e3, filiada \u00e0 Conven\u00e7\u00e3o Batista Nacional, que professa a renova\u00e7\u00e3o espiritual. Sua hist\u00f3ria na mais nova capital do estado come\u00e7ou ainda na d\u00e9cada de 90, com a chegada do pastor Joaquim Ferreira Sobrinho, pastor-presidente da Igreja at\u00e9 os dias atuais, que foi enviado a Palmas, juntamente com sua esposa, In\u00eas Ferreira, para iniciar um trabalho de evangeliza\u00e7\u00e3o na capital rec\u00e9m-criada.<\/p>\n\n\n\n<p>Nestes 30 anos, a igreja continua em constante movimento, alcan\u00e7ando vidas e trabalhando em diferentes projetos: c\u00e9lula nos lares, minist\u00e9rios com trabalhos direcionados para homens, mulheres, crian\u00e7as, adolescentes, jovens, intercess\u00e3o e fam\u00edlia, projetos mission\u00e1rios, e ainda prepara\u00e7\u00e3o atrav\u00e9s da forma\u00e7\u00e3o teol\u00f3gica. \u201cUma trajet\u00f3ria repleta de desafios, mas cheia da gra\u00e7a de Deus\u201d, destaca pastor Joaquim.<\/p>\n\n\n\n<p><strong>Programa\u00e7\u00e3o<\/strong><\/p>\n\n\n\n<p>02\/12: Confraterniza\u00e7\u00e3o para os membros, na Ch\u00e1cara Batista Gets\u00eamani, durante todo o dia<\/p>\n\n\n\n<p>03\/12: Culto com a presen\u00e7a da Pra. Ezenete Rodrigues, no templo, \u00e0s 18h<\/p>\n\n\n\n<p>05\/12 Noite prof\u00e9tica que culminar\u00e1 em um grande momento de celebra\u00e7\u00e3o dos 30 anos da igreja, \u00e0s 19h, com tradicional corte de bolo<\/p>\n\n\n\n<p>10\/12 Cantata de Natal, \u00e0s 18h<\/p>\n\n\n\n<p>A Igreja Batista Gets\u00eamani est\u00e1 localizada na quadra 206 Sul, alameda 10.<\/p>\n\n\n\n<p>Mais informa\u00e7\u00f5es, pelos telefones 3215-4340 e 99222-8812.<\/p>\n","protected":false},"excerpt":{"rendered":"<p>Quando o tema \u00e9 ora\u00e7\u00e3o e intercess\u00e3o, um nome \u00e9 consenso entre os membros de igrejas evang\u00e9licas: Pastora Ezenete Rodrigues, l\u00edder de intercess\u00e3o na Igreja Batista da Lagoinha &#8211; MG e fundadora do Minist\u00e9rio Restaurando Vidas. Ezenete \u00e9 esperada neste final de semana, dia 03 de dezembro, \u00e0s 18h, para abrir oficialmente o m\u00eas de [&hellip;]<\/p>\n","protected":false},"author":2,"featured_media":17852,"comment_status":"open","ping_status":"open","sticky":false,"template":"","format":"standard","meta":[],"categories":[5],"tags":[13],"_links":{"self":[{"href":"https:\/\/dgospel.com.br\/portal\/index.php\/wp-json\/wp\/v2\/posts\/17851"}],"collection":[{"href":"https:\/\/dgospel.com.br\/portal\/index.php\/wp-json\/wp\/v2\/posts"}],"about":[{"href":"https:\/\/dgospel.com.br\/portal\/index.php\/wp-json\/wp\/v2\/types\/post"}],"author":[{"embeddable":true,"href":"https:\/\/dgospel.com.br\/portal\/index.php\/wp-json\/wp\/v2\/users\/2"}],"replies":[{"embeddable":true,"href":"https:\/\/dgospel.com.br\/portal\/index.php\/wp-json\/wp\/v2\/comments?post=17851"}],"version-history":[{"count":1,"href":"https:\/\/dgospel.com.br\/portal\/index.php\/wp-json\/wp\/v2\/posts\/17851\/revisions"}],"predecessor-version":[{"id":17853,"href":"https:\/\/dgospel.com.br\/portal\/index.php\/wp-json\/wp\/v2\/posts\/17851\/revisions\/17853"}],"wp:featuredmedia":[{"embeddable":true,"href":"https:\/\/dgospel.com.br\/portal\/index.php\/wp-json\/wp\/v2\/media\/17852"}],"wp:attachment":[{"href":"https:\/\/dgospel.com.br\/portal\/index.php\/wp-json\/wp\/v2\/media?parent=17851"}],"wp:term":[{"taxonomy":"category","embeddable":true,"href":"https:\/\/dgospel.com.br\/portal\/index.php\/wp-json\/wp\/v2\/categories?post=17851"},{"taxonomy":"post_tag","embeddable":true,"href":"https:\/\/dgospel.com.br\/portal\/index.php\/wp-json\/wp\/v2\/tags?post=17851"}],"curies":[{"name":"wp","href":"https:\/\/api.w.org\/{rel}","templated":true}]}}