{"id":17857,"date":"2023-11-29T20:32:41","date_gmt":"2023-11-29T23:32:41","guid":{"rendered":"http:\/\/dgospel.com.br\/portal\/?p=17857"},"modified":"2023-11-29T20:32:52","modified_gmt":"2023-11-29T23:32:52","slug":"bancada-evangelica-nao-aceita-encontros-com-dino","status":"publish","type":"post","link":"https:\/\/dgospel.com.br\/portal\/index.php\/2023\/11\/29\/bancada-evangelica-nao-aceita-encontros-com-dino\/","title":{"rendered":"Bancada Evang\u00e9lica n\u00e3o aceita encontros com Dino"},"content":{"rendered":"\n<p>As tentativas de conversa com a Frente Parlamentar Evang\u00e9lica (FPE) para uma poss\u00edvel apoio \u00e0 indica\u00e7\u00e3o de Fl\u00e1vio Dino para o Supremo Tribunal Federal (STF) foram frustradas. O grupo parlamentar n\u00e3o aceita as tentativas de aproxima\u00e7\u00e3o por parte da equipe do ministro da Justi\u00e7a.<\/p>\n\n\n\n<p>Uma fonte da FPE confirmou ao\u00a0<strong>Pleno.News<\/strong>\u00a0que os parlamentares foram procurados, mas a bancada tem rejeitado qualquer reuni\u00e3o para tratar sobre apoio de senadores para aprova\u00e7\u00e3o do indicado.<\/p>\n\n\n\n<p>\u2013 N\u00e3o houve, nem haver\u00e1 encontro! \u2013 garantiu a fonte, confirmando que a posi\u00e7\u00e3o da Bancada Evang\u00e9lica para com Dino \u00e9 diferente da que foi com Cristiano Zanin, primeiro indicado de Lula, que conseguiu uma reuni\u00e3o com parlamentares evang\u00e9licos e conquistou o apoio deles.<\/p>\n\n\n\n<p>A Frente Parlamentar Evang\u00e9lica do Senado, composta por 17 nomes, tamb\u00e9m rejeita a indica\u00e7\u00e3o de Dino, e seu presidente, senador Carlos Viana (Podemos-MG), j\u00e1 garantiu que votar\u00e1 contra.<\/p>\n\n\n\n<p>Todavia, nomes como Soraya Thronicke (Uni\u00e3o Brasil-MS), Eliziane Gama (PSD-MA) e Jorge Kajuru (PSB-GO), que fazem parte da FPE do Senado, s\u00e3o mais alinhados ao governo Lula que opositores, e Dino pode contar com o voto deles.<\/p>\n\n\n\n<p>J\u00e1 os senadores Cleitinho (Republicanos-MG), Damares Alves (Republicanos-DF), Eduardo Gir\u00e3o (Novo-CE), Fl\u00e1vio Bolsonaro (PL-RJ), Jorge Seif (PL-SC), Magno Malta (PL-ES) e Rog\u00e9rio Marinho (PL-RN) s\u00e3o contr\u00e1rios \u00e0 aprova\u00e7\u00e3o do ex-governador do Maranh\u00e3o para o STF.<\/p>\n","protected":false},"excerpt":{"rendered":"<p>As tentativas de conversa com a Frente Parlamentar Evang\u00e9lica (FPE) para uma poss\u00edvel apoio \u00e0 indica\u00e7\u00e3o de Fl\u00e1vio Dino para o Supremo Tribunal Federal (STF) foram frustradas. O grupo parlamentar n\u00e3o aceita as tentativas de aproxima\u00e7\u00e3o por parte da equipe do ministro da Justi\u00e7a. Uma fonte da FPE confirmou ao\u00a0Pleno.News\u00a0que os parlamentares foram procurados, mas [&hellip;]<\/p>\n","protected":false},"author":2,"featured_media":17858,"comment_status":"open","ping_status":"open","sticky":false,"template":"","format":"standard","meta":[],"categories":[4],"tags":[13],"_links":{"self":[{"href":"https:\/\/dgospel.com.br\/portal\/index.php\/wp-json\/wp\/v2\/posts\/17857"}],"collection":[{"href":"https:\/\/dgospel.com.br\/portal\/index.php\/wp-json\/wp\/v2\/posts"}],"about":[{"href":"https:\/\/dgospel.com.br\/portal\/index.php\/wp-json\/wp\/v2\/types\/post"}],"author":[{"embeddable":true,"href":"https:\/\/dgospel.com.br\/portal\/index.php\/wp-json\/wp\/v2\/users\/2"}],"replies":[{"embeddable":true,"href":"https:\/\/dgospel.com.br\/portal\/index.php\/wp-json\/wp\/v2\/comments?post=17857"}],"version-history":[{"count":1,"href":"https:\/\/dgospel.com.br\/portal\/index.php\/wp-json\/wp\/v2\/posts\/17857\/revisions"}],"predecessor-version":[{"id":17859,"href":"https:\/\/dgospel.com.br\/portal\/index.php\/wp-json\/wp\/v2\/posts\/17857\/revisions\/17859"}],"wp:featuredmedia":[{"embeddable":true,"href":"https:\/\/dgospel.com.br\/portal\/index.php\/wp-json\/wp\/v2\/media\/17858"}],"wp:attachment":[{"href":"https:\/\/dgospel.com.br\/portal\/index.php\/wp-json\/wp\/v2\/media?parent=17857"}],"wp:term":[{"taxonomy":"category","embeddable":true,"href":"https:\/\/dgospel.com.br\/portal\/index.php\/wp-json\/wp\/v2\/categories?post=17857"},{"taxonomy":"post_tag","embeddable":true,"href":"https:\/\/dgospel.com.br\/portal\/index.php\/wp-json\/wp\/v2\/tags?post=17857"}],"curies":[{"name":"wp","href":"https:\/\/api.w.org\/{rel}","templated":true}]}}