{"id":17860,"date":"2023-11-29T20:42:49","date_gmt":"2023-11-29T23:42:49","guid":{"rendered":"http:\/\/dgospel.com.br\/portal\/?p=17860"},"modified":"2023-11-29T20:42:50","modified_gmt":"2023-11-29T23:42:50","slug":"stf-decide-que-imprensa-pode-ser-condenada-por-entrevistas","status":"publish","type":"post","link":"https:\/\/dgospel.com.br\/portal\/index.php\/2023\/11\/29\/stf-decide-que-imprensa-pode-ser-condenada-por-entrevistas\/","title":{"rendered":"STF decide que imprensa pode ser condenada por entrevistas"},"content":{"rendered":"\n<p>Nesta quarta-feira (29), o Supremo Tribunal Federal (STF) decidiu que ve\u00edculos de imprensa podem ser condenados por entrevistas, caso haja \u201cind\u00edcios concretos\u201d de falsidade da acusa\u00e7\u00e3o.<\/p>\n\n\n\n<p>Na pr\u00e1tica, a decis\u00e3o se refere a entrevistas cujas falas sejam consideradas \u201cinjuriosas, difamantes, caluniosas e mentirosas\u201d. A tese que ganhou mais votos foi apresentada pelo ministro Alexandre de Moraes que defende a liberdade de imprensa, mas entende que n\u00e3o se trata de um \u201cdireito absoluto\u201d se n\u00e3o houver responsabilidade no que \u00e9 compartilhado com o p\u00fablico.<\/p>\n\n\n\n<p>O caso se refere a uma a\u00e7\u00e3o que envolve o jornal Di\u00e1rio de Pernambuco e a fam\u00edlia do ex-deputado federal Ricardo Zarattini Filho, falecido em outubro de 2017. Em uma entrevista publicada em 1995, o delegado Wandenkolk Wanderley acusou Zarattini de participar de um atentado a bomba no Aeroporto de Recife realizado em 1966.<\/p>\n\n\n\n<p>A a\u00e7\u00e3o cobra indeniza\u00e7\u00e3o do jornal. A Justi\u00e7a de primeira inst\u00e2ncia condenou a publica\u00e7\u00e3o pernambucana a pagar R$ 700 mil de indeniza\u00e7\u00e3o para a fam\u00edlia. No entanto, os desembargadores derrubaram a senten\u00e7a, pois Zarattini, na \u00e9poca, n\u00e3o se interessou em conceder uma entrevista ao jornal para se defender das acusa\u00e7\u00f5es.<\/p>\n\n\n\n<p>Com o caso no STF, Moraes observou que, caso na entrevista, o entrevistado impute falsamente pr\u00e1tica de crime a terceiro, a empresa jornal\u00edstica poder\u00e1 ser responsabilizada se, no ato da divulga\u00e7\u00e3o, houver ind\u00edcios concretos da falsidade da imputa\u00e7\u00e3o. Ou se, o ve\u00edculo n\u00e3o verificar a veracidade dos fatos e a divulga\u00e7\u00e3o da exist\u00eancia de tais ind\u00edcios.<\/p>\n","protected":false},"excerpt":{"rendered":"<p>Nesta quarta-feira (29), o Supremo Tribunal Federal (STF) decidiu que ve\u00edculos de imprensa podem ser condenados por entrevistas, caso haja \u201cind\u00edcios concretos\u201d de falsidade da acusa\u00e7\u00e3o. Na pr\u00e1tica, a decis\u00e3o se refere a entrevistas cujas falas sejam consideradas \u201cinjuriosas, difamantes, caluniosas e mentirosas\u201d. A tese que ganhou mais votos foi apresentada pelo ministro Alexandre de [&hellip;]<\/p>\n","protected":false},"author":2,"featured_media":17861,"comment_status":"open","ping_status":"open","sticky":false,"template":"","format":"standard","meta":[],"categories":[10],"tags":[],"_links":{"self":[{"href":"https:\/\/dgospel.com.br\/portal\/index.php\/wp-json\/wp\/v2\/posts\/17860"}],"collection":[{"href":"https:\/\/dgospel.com.br\/portal\/index.php\/wp-json\/wp\/v2\/posts"}],"about":[{"href":"https:\/\/dgospel.com.br\/portal\/index.php\/wp-json\/wp\/v2\/types\/post"}],"author":[{"embeddable":true,"href":"https:\/\/dgospel.com.br\/portal\/index.php\/wp-json\/wp\/v2\/users\/2"}],"replies":[{"embeddable":true,"href":"https:\/\/dgospel.com.br\/portal\/index.php\/wp-json\/wp\/v2\/comments?post=17860"}],"version-history":[{"count":1,"href":"https:\/\/dgospel.com.br\/portal\/index.php\/wp-json\/wp\/v2\/posts\/17860\/revisions"}],"predecessor-version":[{"id":17862,"href":"https:\/\/dgospel.com.br\/portal\/index.php\/wp-json\/wp\/v2\/posts\/17860\/revisions\/17862"}],"wp:featuredmedia":[{"embeddable":true,"href":"https:\/\/dgospel.com.br\/portal\/index.php\/wp-json\/wp\/v2\/media\/17861"}],"wp:attachment":[{"href":"https:\/\/dgospel.com.br\/portal\/index.php\/wp-json\/wp\/v2\/media?parent=17860"}],"wp:term":[{"taxonomy":"category","embeddable":true,"href":"https:\/\/dgospel.com.br\/portal\/index.php\/wp-json\/wp\/v2\/categories?post=17860"},{"taxonomy":"post_tag","embeddable":true,"href":"https:\/\/dgospel.com.br\/portal\/index.php\/wp-json\/wp\/v2\/tags?post=17860"}],"curies":[{"name":"wp","href":"https:\/\/api.w.org\/{rel}","templated":true}]}}