{"id":17863,"date":"2023-11-29T20:44:39","date_gmt":"2023-11-29T23:44:39","guid":{"rendered":"http:\/\/dgospel.com.br\/portal\/?p=17863"},"modified":"2023-11-29T20:44:40","modified_gmt":"2023-11-29T23:44:40","slug":"requerimento-de-cpi-dos-abusos-do-stf-e-protocolado-na-camara","status":"publish","type":"post","link":"https:\/\/dgospel.com.br\/portal\/index.php\/2023\/11\/29\/requerimento-de-cpi-dos-abusos-do-stf-e-protocolado-na-camara\/","title":{"rendered":"Requerimento de CPI dos abusos do STF \u00e9 protocolado na C\u00e2mara"},"content":{"rendered":"\n<p>Nesta quarta-feira (29), o deputado federal Marcel van Hattem (Novo-RS) anunciou que conseguiu protocolar o requerimento de CPI dos abusos de autoridade do Supremo Tribunal Federal (STF) e Tribunal Superior Eleitoral (TSE).<\/p>\n\n\n\n<p>O pedido visa apurar a \u201cviola\u00e7\u00e3o de direitos e garantias fundamentais, a pr\u00e1tica de condutas arbitr\u00e1rias sem a observ\u00e2ncia do devido processo legal, inclusive a ado\u00e7\u00e3o de censura e atos de abuso de autoridade\u201d que eventualmente foram praticados pelos membros das cortes superiores.<\/p>\n\n\n\n<p>Van Hattem come\u00e7ou a colher assinaturas em novembro de 2022, mas eram necess\u00e1rias 171 assinaturas, o que s\u00f3 foi conclu\u00eddo nesta quarta, ap\u00f3s campanha nas redes sociais para que os cidad\u00e3os pressionassem os deputados a assinarem o pedido.<\/p>\n\n\n\n<p>\u2013 Acabamos de protocolar o requerimento de CPI dos Abusos de Autoridade do STF e do TSE com as 171 assinaturas necess\u00e1rias. Muito obrigado a todos os que ajudaram a coletar os apoios e a todos os parlamentares que assinaram! Chega de abuso! \u2013 comemorou o parlamentar.<\/p>\n","protected":false},"excerpt":{"rendered":"<p>Nesta quarta-feira (29), o deputado federal Marcel van Hattem (Novo-RS) anunciou que conseguiu protocolar o requerimento de CPI dos abusos de autoridade do Supremo Tribunal Federal (STF) e Tribunal Superior Eleitoral (TSE). O pedido visa apurar a \u201cviola\u00e7\u00e3o de direitos e garantias fundamentais, a pr\u00e1tica de condutas arbitr\u00e1rias sem a observ\u00e2ncia do devido processo legal, [&hellip;]<\/p>\n","protected":false},"author":2,"featured_media":17864,"comment_status":"open","ping_status":"open","sticky":false,"template":"","format":"standard","meta":[],"categories":[8],"tags":[13],"_links":{"self":[{"href":"https:\/\/dgospel.com.br\/portal\/index.php\/wp-json\/wp\/v2\/posts\/17863"}],"collection":[{"href":"https:\/\/dgospel.com.br\/portal\/index.php\/wp-json\/wp\/v2\/posts"}],"about":[{"href":"https:\/\/dgospel.com.br\/portal\/index.php\/wp-json\/wp\/v2\/types\/post"}],"author":[{"embeddable":true,"href":"https:\/\/dgospel.com.br\/portal\/index.php\/wp-json\/wp\/v2\/users\/2"}],"replies":[{"embeddable":true,"href":"https:\/\/dgospel.com.br\/portal\/index.php\/wp-json\/wp\/v2\/comments?post=17863"}],"version-history":[{"count":1,"href":"https:\/\/dgospel.com.br\/portal\/index.php\/wp-json\/wp\/v2\/posts\/17863\/revisions"}],"predecessor-version":[{"id":17865,"href":"https:\/\/dgospel.com.br\/portal\/index.php\/wp-json\/wp\/v2\/posts\/17863\/revisions\/17865"}],"wp:featuredmedia":[{"embeddable":true,"href":"https:\/\/dgospel.com.br\/portal\/index.php\/wp-json\/wp\/v2\/media\/17864"}],"wp:attachment":[{"href":"https:\/\/dgospel.com.br\/portal\/index.php\/wp-json\/wp\/v2\/media?parent=17863"}],"wp:term":[{"taxonomy":"category","embeddable":true,"href":"https:\/\/dgospel.com.br\/portal\/index.php\/wp-json\/wp\/v2\/categories?post=17863"},{"taxonomy":"post_tag","embeddable":true,"href":"https:\/\/dgospel.com.br\/portal\/index.php\/wp-json\/wp\/v2\/tags?post=17863"}],"curies":[{"name":"wp","href":"https:\/\/api.w.org\/{rel}","templated":true}]}}