{"id":17866,"date":"2023-11-29T20:50:41","date_gmt":"2023-11-29T23:50:41","guid":{"rendered":"http:\/\/dgospel.com.br\/portal\/?p=17866"},"modified":"2023-11-29T20:50:42","modified_gmt":"2023-11-29T23:50:42","slug":"auditoria-do-tcu-aponta-que-r-1424-bilhoes-foram-pagos-indevidamente-pelo-bolsa-familia-entre-janeiro-e-maio-de-2023","status":"publish","type":"post","link":"https:\/\/dgospel.com.br\/portal\/index.php\/2023\/11\/29\/auditoria-do-tcu-aponta-que-r-1424-bilhoes-foram-pagos-indevidamente-pelo-bolsa-familia-entre-janeiro-e-maio-de-2023\/","title":{"rendered":"Auditoria do TCU aponta que R$ 14,24 bilh\u00f5es foram pagos indevidamente pelo Bolsa Fam\u00edlia, entre janeiro e maio de 2023"},"content":{"rendered":"\n<p>Uma auditoria conduzida pelo Tribunal de Contas da Uni\u00e3o (TCU) identificou inconsist\u00eancias no Cadastro \u00danico (Cad\u00danico) para fam\u00edlias de baixa renda, ferramenta essencial para o acesso a programas de aux\u00edlio governamentais, como o Bolsa Fam\u00edlia. De acordo com o relat\u00f3rio, uma em cada cinco fam\u00edlias cadastradas apresentou dados inconsistentes.<\/p>\n\n\n\n<p>O relat\u00f3rio estima que cerca de R$ 14,24 bilh\u00f5es foram pagos indevidamente entre janeiro e maio de 2023, fora dos crit\u00e9rios de elegibilidade. H\u00e1 a previs\u00e3o de potenciais pagamentos irregulares de mais R$ 19,94 bilh\u00f5es de junho a dezembro de 2023, considerando o valor m\u00ednimo de R$ 600 distribu\u00eddos mensalmente pelo programa. Inconsist\u00eancias foram notadas nos dados de renda de 40,3% das fam\u00edlias e na composi\u00e7\u00e3o familiar de 33,4% de uma amostra representativa de 2.662 fam\u00edlias, em 1.517 munic\u00edpios.<\/p>\n\n\n\n<p>A auditoria, sob a relatoria do ministro Walton Alencar Rodrigues, envolveu verifica\u00e7\u00f5es domiciliares e compara\u00e7\u00e3o dos dados do Cad\u00danico com os bancos de dados da Administra\u00e7\u00e3o P\u00fablica. Um ponto cr\u00edtico identificado foi a autodeclara\u00e7\u00e3o de renda menor que as despesas da fam\u00edlia, um problema frequentemente associado \u00e0 informalidade no mercado de trabalho brasileiro.<\/p>\n\n\n\n<p>O TCU estabeleceu o prazo at\u00e9 o final de 2024 para que o Minist\u00e9rio do Desenvolvimento e Assist\u00eancia Social, Fam\u00edlia e Combate \u00e0 Fome (MDS) resolva as diverg\u00eancias nos bancos de dados e implemente medidas de controle para evitar futuras discrep\u00e2ncias. Esta auditoria ressalta a necessidade de melhorias na gest\u00e3o e verifica\u00e7\u00e3o de dados para assegurar que os recursos destinados a programas de assist\u00eancia social sejam utilizados de maneira eficaz e justa.<\/p>\n","protected":false},"excerpt":{"rendered":"<p>Uma auditoria conduzida pelo Tribunal de Contas da Uni\u00e3o (TCU) identificou inconsist\u00eancias no Cadastro \u00danico (Cad\u00danico) para fam\u00edlias de baixa renda, ferramenta essencial para o acesso a programas de aux\u00edlio governamentais, como o Bolsa Fam\u00edlia. De acordo com o relat\u00f3rio, uma em cada cinco fam\u00edlias cadastradas apresentou dados inconsistentes. O relat\u00f3rio estima que cerca de [&hellip;]<\/p>\n","protected":false},"author":2,"featured_media":17867,"comment_status":"open","ping_status":"open","sticky":false,"template":"","format":"standard","meta":[],"categories":[10],"tags":[],"_links":{"self":[{"href":"https:\/\/dgospel.com.br\/portal\/index.php\/wp-json\/wp\/v2\/posts\/17866"}],"collection":[{"href":"https:\/\/dgospel.com.br\/portal\/index.php\/wp-json\/wp\/v2\/posts"}],"about":[{"href":"https:\/\/dgospel.com.br\/portal\/index.php\/wp-json\/wp\/v2\/types\/post"}],"author":[{"embeddable":true,"href":"https:\/\/dgospel.com.br\/portal\/index.php\/wp-json\/wp\/v2\/users\/2"}],"replies":[{"embeddable":true,"href":"https:\/\/dgospel.com.br\/portal\/index.php\/wp-json\/wp\/v2\/comments?post=17866"}],"version-history":[{"count":1,"href":"https:\/\/dgospel.com.br\/portal\/index.php\/wp-json\/wp\/v2\/posts\/17866\/revisions"}],"predecessor-version":[{"id":17868,"href":"https:\/\/dgospel.com.br\/portal\/index.php\/wp-json\/wp\/v2\/posts\/17866\/revisions\/17868"}],"wp:featuredmedia":[{"embeddable":true,"href":"https:\/\/dgospel.com.br\/portal\/index.php\/wp-json\/wp\/v2\/media\/17867"}],"wp:attachment":[{"href":"https:\/\/dgospel.com.br\/portal\/index.php\/wp-json\/wp\/v2\/media?parent=17866"}],"wp:term":[{"taxonomy":"category","embeddable":true,"href":"https:\/\/dgospel.com.br\/portal\/index.php\/wp-json\/wp\/v2\/categories?post=17866"},{"taxonomy":"post_tag","embeddable":true,"href":"https:\/\/dgospel.com.br\/portal\/index.php\/wp-json\/wp\/v2\/tags?post=17866"}],"curies":[{"name":"wp","href":"https:\/\/api.w.org\/{rel}","templated":true}]}}