{"id":17872,"date":"2023-11-30T09:30:26","date_gmt":"2023-11-30T12:30:26","guid":{"rendered":"http:\/\/dgospel.com.br\/portal\/?p=17872"},"modified":"2023-11-30T09:32:23","modified_gmt":"2023-11-30T12:32:23","slug":"indicacao-do-comunista-dino-para-o-stf-e-um-escarnio-aos-evangelicos-diz-deputado-sostenes","status":"publish","type":"post","link":"https:\/\/dgospel.com.br\/portal\/index.php\/2023\/11\/30\/indicacao-do-comunista-dino-para-o-stf-e-um-escarnio-aos-evangelicos-diz-deputado-sostenes\/","title":{"rendered":"Indica\u00e7\u00e3o do comunista Dino para o STF \u00e9 um \u201cesc\u00e1rnio aos evang\u00e9licos\u201d, diz deputado S\u00f3stenes"},"content":{"rendered":"\n<p>Desde que o presidente Luiz In\u00e1cio Lula da Silva resolveu indicar o senador Fl\u00e1vio Dino para uma vaga no Supremo Tribunal Federal, o STF, diversa autoridades pol\u00edticas e religiosas passaram a reagir em oposi\u00e7\u00e3o ao seu nome.<\/p>\n\n\n\n<p>Entre os cr\u00edticos est\u00e1 o deputado federal S\u00f3stenes Cavalcante, vice-presidente da C\u00e2mara dos Deputados e ex-presidente da Frente Parlamentar Evang\u00e9lica (FPE). Para o parlamentar, \u201ca indica\u00e7\u00e3o de Dino \u00e9 um esc\u00e1rnio aos evang\u00e9licos do pa\u00eds\u201d.<\/p>\n\n\n\n<p>O pastor Silas Malafaia, l\u00edder da Igreja Assembleia de Deus Vit\u00f3ria em Cristo, tamb\u00e9m compartilha a mesma opini\u00e3o. Em um v\u00eddeo divulgado nas redes sociais, o religioso foi duro em seu recado, chamando de \u201cabsurdo\u201d e \u201cafronta\u201d a indica\u00e7\u00e3o.<\/p>\n\n\n\n<p>\u201cLula \u00e9 um traidor do povo Crist\u00e3o. Trai cat\u00f3licos, evang\u00e9licos e crist\u00e3os em geral indicando um comunista ao STF\u201d, disparou Malafaia, engrossando o coro contra o atual ministro da Justi\u00e7a.<\/p>\n\n\n\n<h2>Lista negativa<\/h2>\n\n\n\n<p>Evang\u00e9lico, o deputado federal Nikolas Ferreira tamb\u00e9m entrou na articula\u00e7\u00e3o contra a aprova\u00e7\u00e3o da indica\u00e7\u00e3o de Fl\u00e1vio Dino, no Senado Federal, para a vaga aberta no STF. O parlamentar gravou um v\u00eddeo (abaixo) apontando uma lista de pontos negativos sobre o senador.<\/p>\n\n\n\n<p>Filiado ao Partido Comunista do Brasil por v\u00e1rios anos, Dino deixou a magistratura em 2006, quando foi eleito deputado federal. Desde ent\u00e3o ele vem atuando na pol\u00edtica e j\u00e1 exerceu o cargo de governador do Maranh\u00e3o, fazendo uma gest\u00e3o alvo de v\u00e1rias cr\u00edticas.<\/p>\n\n\n\n<p>A carreira de quase duas d\u00e9cadas de Dino na pol\u00edtica \u00e9 o que tem sido mais criticada no tocante \u00e0 sua indica\u00e7\u00e3o ao Supremo, com parlamentares argumentando que ele, como militante da extrema-esquerda, n\u00e3o retornar\u00e1 \u00e0 magistratura para ser um juiz imparcial, mas sim de vi\u00e9s pol\u00edtico-ideol\u00f3gico.<\/p>\n\n\n\n<p>Para tentar vencer a resist\u00eancia entre os senadores evang\u00e9licos, o&nbsp;<a href=\"https:\/\/www.sbtnews.com.br\/noticia\/congresso\/267179-eliziane-vai-fazer-ponte-pelo-nome-de-dino-entre-senadoras-e-evangelicos\">SBT News<\/a>&nbsp;informou que o potencial futuro ministro do STF contar\u00e1 com o apoio da senadora Eliziane Gama, que dever\u00e1 fazer a ponte entre eles e os demais representantes.<\/p>\n\n\n\n<p>No entanto, com a sua atua\u00e7\u00e3o recente como relatora da CPMI do 8 de janeiro, onde foi\u00a0<a href=\"https:\/\/noticias.gospelmais.com.br\/malafaia-dispara-contra-eliziane-gama-comunista-165141.html\">acusada por Malafaia<\/a>\u00a0de ser parcial e de agir de forma contr\u00e1ria aos valores crist\u00e3os, o apoio de Eliziane dificilmente ser\u00e1 o suficiente para garantir a Dino a aceita\u00e7\u00e3o entre os evang\u00e9licos do Senado.<\/p>\n","protected":false},"excerpt":{"rendered":"<p>Desde que o presidente Luiz In\u00e1cio Lula da Silva resolveu indicar o senador Fl\u00e1vio Dino para uma vaga no Supremo Tribunal Federal, o STF, diversa autoridades pol\u00edticas e religiosas passaram a reagir em oposi\u00e7\u00e3o ao seu nome. Entre os cr\u00edticos est\u00e1 o deputado federal S\u00f3stenes Cavalcante, vice-presidente da C\u00e2mara dos Deputados e ex-presidente da Frente [&hellip;]<\/p>\n","protected":false},"author":2,"featured_media":17873,"comment_status":"open","ping_status":"open","sticky":false,"template":"","format":"standard","meta":[],"categories":[4],"tags":[],"_links":{"self":[{"href":"https:\/\/dgospel.com.br\/portal\/index.php\/wp-json\/wp\/v2\/posts\/17872"}],"collection":[{"href":"https:\/\/dgospel.com.br\/portal\/index.php\/wp-json\/wp\/v2\/posts"}],"about":[{"href":"https:\/\/dgospel.com.br\/portal\/index.php\/wp-json\/wp\/v2\/types\/post"}],"author":[{"embeddable":true,"href":"https:\/\/dgospel.com.br\/portal\/index.php\/wp-json\/wp\/v2\/users\/2"}],"replies":[{"embeddable":true,"href":"https:\/\/dgospel.com.br\/portal\/index.php\/wp-json\/wp\/v2\/comments?post=17872"}],"version-history":[{"count":1,"href":"https:\/\/dgospel.com.br\/portal\/index.php\/wp-json\/wp\/v2\/posts\/17872\/revisions"}],"predecessor-version":[{"id":17874,"href":"https:\/\/dgospel.com.br\/portal\/index.php\/wp-json\/wp\/v2\/posts\/17872\/revisions\/17874"}],"wp:featuredmedia":[{"embeddable":true,"href":"https:\/\/dgospel.com.br\/portal\/index.php\/wp-json\/wp\/v2\/media\/17873"}],"wp:attachment":[{"href":"https:\/\/dgospel.com.br\/portal\/index.php\/wp-json\/wp\/v2\/media?parent=17872"}],"wp:term":[{"taxonomy":"category","embeddable":true,"href":"https:\/\/dgospel.com.br\/portal\/index.php\/wp-json\/wp\/v2\/categories?post=17872"},{"taxonomy":"post_tag","embeddable":true,"href":"https:\/\/dgospel.com.br\/portal\/index.php\/wp-json\/wp\/v2\/tags?post=17872"}],"curies":[{"name":"wp","href":"https:\/\/api.w.org\/{rel}","templated":true}]}}