{"id":17878,"date":"2023-11-30T11:31:01","date_gmt":"2023-11-30T14:31:01","guid":{"rendered":"http:\/\/dgospel.com.br\/portal\/?p=17878"},"modified":"2023-11-30T11:31:02","modified_gmt":"2023-11-30T14:31:02","slug":"suprema-corte-da-russia-proibe-movimento-lgbt-no-pais","status":"publish","type":"post","link":"https:\/\/dgospel.com.br\/portal\/index.php\/2023\/11\/30\/suprema-corte-da-russia-proibe-movimento-lgbt-no-pais\/","title":{"rendered":"Suprema Corte da R\u00fassia pro\u00edbe movimento LGBT no pa\u00eds"},"content":{"rendered":"\n<p>O Supremo Tribunal da&nbsp;<a href=\"http:\/\/pleno.news\/tag\/russia\" target=\"_blank\" rel=\"noreferrer noopener\">R\u00fassia<\/a>&nbsp;proibiu, nesta quinta-feira (30), o movimento internacional&nbsp;<a href=\"http:\/\/pleno.news\/tag\/lgbt\" target=\"_blank\" rel=\"noreferrer noopener\">LGBT<\/a>&nbsp;no pa\u00eds, por consider\u00e1-lo uma \u201corganiza\u00e7\u00e3o extremista\u201d, a pedido do Minist\u00e9rio da Justi\u00e7a.<\/p>\n\n\n\n<p>\u2013 Reconhecer o movimento internacional c\u00edvico LGBT como uma organiza\u00e7\u00e3o extremista e proibir suas atividades em territ\u00f3rio russo \u2013 decidiu o juiz Oleg Nefedov, segundo a ag\u00eancia de not\u00edcias Interfax.<\/p>\n\n\n\n<p>A medida, que tem efeito \u201cimediato\u201d, pro\u00edbe a propaganda, a publicidade, a gera\u00e7\u00e3o de interesse e o incentivo ao ingresso nas fileiras do movimento LGBT. A audi\u00eancia do processo ocorreu a portas fechadas e contou apenas com a presen\u00e7a de representantes do Minist\u00e9rio da Justi\u00e7a, que apresentou a a\u00e7\u00e3o no dia 17 de novembro.<\/p>\n\n\n\n<p>Ativistas LGBT criaram uma organiza\u00e7\u00e3o justamente com o nome de Movimento Internacional C\u00edvico LGBT, que at\u00e9 ent\u00e3o n\u00e3o existia, para defender os direitos do coletivo. O demandante, o Minist\u00e9rio da Justi\u00e7a, afirmou que foram detectadas \u201ctend\u00eancias extremistas\u201d, incluindo \u201cincitamento ao \u00f3dio social e religioso\u201d nas atividades do referido movimento.<\/p>\n\n\n\n<p>Em novembro de 2022, a Duma, nome da C\u00e2mara dos Deputados da R\u00fassia, aprovou uma lei que proibia completamente a propaganda LGBT, a pedofilia e a mudan\u00e7a de sexo. Al\u00e9m disso, em junho, a Casa proibiu opera\u00e7\u00f5es cir\u00fargicas de mudan\u00e7a de sexo.<\/p>\n\n\n\n<p>Recentemente, o vice-ministro da Justi\u00e7a, Andr\u00e9 Luguinov, garantiu \u00e0 ONU que na R\u00fassia n\u00e3o h\u00e1 discrimina\u00e7\u00e3o ou persegui\u00e7\u00e3o \u00e0 comunidade homossexual, e considerou que a proibi\u00e7\u00e3o de manifesta\u00e7\u00f5es p\u00fablicas do referido grupo responde aos valores morais do pa\u00eds.<\/p>\n\n\n\n<p>*EFE<\/p>\n","protected":false},"excerpt":{"rendered":"<p>O Supremo Tribunal da&nbsp;R\u00fassia&nbsp;proibiu, nesta quinta-feira (30), o movimento internacional&nbsp;LGBT&nbsp;no pa\u00eds, por consider\u00e1-lo uma \u201corganiza\u00e7\u00e3o extremista\u201d, a pedido do Minist\u00e9rio da Justi\u00e7a. \u2013 Reconhecer o movimento internacional c\u00edvico LGBT como uma organiza\u00e7\u00e3o extremista e proibir suas atividades em territ\u00f3rio russo \u2013 decidiu o juiz Oleg Nefedov, segundo a ag\u00eancia de not\u00edcias Interfax. A medida, que [&hellip;]<\/p>\n","protected":false},"author":2,"featured_media":17879,"comment_status":"open","ping_status":"open","sticky":false,"template":"","format":"standard","meta":[],"categories":[16],"tags":[],"_links":{"self":[{"href":"https:\/\/dgospel.com.br\/portal\/index.php\/wp-json\/wp\/v2\/posts\/17878"}],"collection":[{"href":"https:\/\/dgospel.com.br\/portal\/index.php\/wp-json\/wp\/v2\/posts"}],"about":[{"href":"https:\/\/dgospel.com.br\/portal\/index.php\/wp-json\/wp\/v2\/types\/post"}],"author":[{"embeddable":true,"href":"https:\/\/dgospel.com.br\/portal\/index.php\/wp-json\/wp\/v2\/users\/2"}],"replies":[{"embeddable":true,"href":"https:\/\/dgospel.com.br\/portal\/index.php\/wp-json\/wp\/v2\/comments?post=17878"}],"version-history":[{"count":1,"href":"https:\/\/dgospel.com.br\/portal\/index.php\/wp-json\/wp\/v2\/posts\/17878\/revisions"}],"predecessor-version":[{"id":17880,"href":"https:\/\/dgospel.com.br\/portal\/index.php\/wp-json\/wp\/v2\/posts\/17878\/revisions\/17880"}],"wp:featuredmedia":[{"embeddable":true,"href":"https:\/\/dgospel.com.br\/portal\/index.php\/wp-json\/wp\/v2\/media\/17879"}],"wp:attachment":[{"href":"https:\/\/dgospel.com.br\/portal\/index.php\/wp-json\/wp\/v2\/media?parent=17878"}],"wp:term":[{"taxonomy":"category","embeddable":true,"href":"https:\/\/dgospel.com.br\/portal\/index.php\/wp-json\/wp\/v2\/categories?post=17878"},{"taxonomy":"post_tag","embeddable":true,"href":"https:\/\/dgospel.com.br\/portal\/index.php\/wp-json\/wp\/v2\/tags?post=17878"}],"curies":[{"name":"wp","href":"https:\/\/api.w.org\/{rel}","templated":true}]}}