{"id":17884,"date":"2023-12-06T15:19:50","date_gmt":"2023-12-06T18:19:50","guid":{"rendered":"http:\/\/dgospel.com.br\/portal\/?p=17884"},"modified":"2023-12-06T15:19:51","modified_gmt":"2023-12-06T18:19:51","slug":"com-emenda-aditiva-de-leo-barbosa-ldo-2024-preve-investimento-na-criacao-da-creche-do-idoso","status":"publish","type":"post","link":"https:\/\/dgospel.com.br\/portal\/index.php\/2023\/12\/06\/com-emenda-aditiva-de-leo-barbosa-ldo-2024-preve-investimento-na-criacao-da-creche-do-idoso\/","title":{"rendered":"Com emenda aditiva de L\u00e9o Barbosa, LDO 2024 prev\u00ea investimento na cria\u00e7\u00e3o da Creche do Idoso"},"content":{"rendered":"\n<p>A Assembleia Legislativa do Tocantins (Aleto) aprovou na Lei de Diretrizes Or\u00e7ament\u00e1rias (LDO) para 2024, uma emenda aditiva de autoria do deputado estadual L\u00e9o Barbosa (Republicanos), que visa instituir a cria\u00e7\u00e3o da Creche do Idoso no Tocantins.&nbsp;<\/p>\n\n\n\n<p>&nbsp;Segundo a justificativa da emenda, \u201co objetivo \u00e9 garantir a prote\u00e7\u00e3o social \u00e0 popula\u00e7\u00e3o idosa, oferecendo um atendimento humanit\u00e1rio, valorizando a pessoa, respeitando suas limita\u00e7\u00f5es, ampliando as possibilidades de acesso a servi\u00e7os e direitos, e proporcionando-lhes melhores condi\u00e7\u00f5es de vida\u201d, consta no documento.&nbsp;<\/p>\n\n\n\n<p>Em outubro deste ano, L\u00e9o encaminhou ao Poder Executivo um anteprojeto de lei propondo a cria\u00e7\u00e3o da Creche do Idoso. Com a previs\u00e3o or\u00e7ament\u00e1ria aprovada, a expectativa \u00e9 que o projeto seja implantado pelo Governo do Estado.&nbsp;<\/p>\n\n\n\n<p>Para o parlamentar, o objetivo \u00e9 promover qualidade de vida aos idosos, criando espa\u00e7os adequados para oferecer conviv\u00eancia diurna, durante todo o dia ou parte dele, onde receber\u00e3o abrigo, alimenta\u00e7\u00e3o, cuidados espec\u00edficos e realiza\u00e7\u00e3o de atividades diversas.&nbsp;<\/p>\n\n\n\n<p>\u201cO projeto tem a inten\u00e7\u00e3o de proporcionar \u00e0 terceira idade acolhimento, abrigo, cuidados, prote\u00e7\u00e3o e conviv\u00eancia adequados \u00e0 suas necessidades. Neste local, os idosos tamb\u00e9m poder\u00e3o contar com servi\u00e7os de sa\u00fade, educa\u00e7\u00e3o f\u00edsica, assist\u00eancia social, nutri\u00e7\u00e3o, dentre outros\u201d, explica Barbosa.<\/p>\n","protected":false},"excerpt":{"rendered":"<p>A Assembleia Legislativa do Tocantins (Aleto) aprovou na Lei de Diretrizes Or\u00e7ament\u00e1rias (LDO) para 2024, uma emenda aditiva de autoria do deputado estadual L\u00e9o Barbosa (Republicanos), que visa instituir a cria\u00e7\u00e3o da Creche do Idoso no Tocantins.&nbsp; &nbsp;Segundo a justificativa da emenda, \u201co objetivo \u00e9 garantir a prote\u00e7\u00e3o social \u00e0 popula\u00e7\u00e3o idosa, oferecendo um atendimento [&hellip;]<\/p>\n","protected":false},"author":2,"featured_media":17885,"comment_status":"open","ping_status":"open","sticky":false,"template":"","format":"standard","meta":[],"categories":[8],"tags":[13],"_links":{"self":[{"href":"https:\/\/dgospel.com.br\/portal\/index.php\/wp-json\/wp\/v2\/posts\/17884"}],"collection":[{"href":"https:\/\/dgospel.com.br\/portal\/index.php\/wp-json\/wp\/v2\/posts"}],"about":[{"href":"https:\/\/dgospel.com.br\/portal\/index.php\/wp-json\/wp\/v2\/types\/post"}],"author":[{"embeddable":true,"href":"https:\/\/dgospel.com.br\/portal\/index.php\/wp-json\/wp\/v2\/users\/2"}],"replies":[{"embeddable":true,"href":"https:\/\/dgospel.com.br\/portal\/index.php\/wp-json\/wp\/v2\/comments?post=17884"}],"version-history":[{"count":1,"href":"https:\/\/dgospel.com.br\/portal\/index.php\/wp-json\/wp\/v2\/posts\/17884\/revisions"}],"predecessor-version":[{"id":17886,"href":"https:\/\/dgospel.com.br\/portal\/index.php\/wp-json\/wp\/v2\/posts\/17884\/revisions\/17886"}],"wp:featuredmedia":[{"embeddable":true,"href":"https:\/\/dgospel.com.br\/portal\/index.php\/wp-json\/wp\/v2\/media\/17885"}],"wp:attachment":[{"href":"https:\/\/dgospel.com.br\/portal\/index.php\/wp-json\/wp\/v2\/media?parent=17884"}],"wp:term":[{"taxonomy":"category","embeddable":true,"href":"https:\/\/dgospel.com.br\/portal\/index.php\/wp-json\/wp\/v2\/categories?post=17884"},{"taxonomy":"post_tag","embeddable":true,"href":"https:\/\/dgospel.com.br\/portal\/index.php\/wp-json\/wp\/v2\/tags?post=17884"}],"curies":[{"name":"wp","href":"https:\/\/api.w.org\/{rel}","templated":true}]}}