{"id":17887,"date":"2023-12-06T15:23:27","date_gmt":"2023-12-06T18:23:27","guid":{"rendered":"http:\/\/dgospel.com.br\/portal\/?p=17887"},"modified":"2023-12-13T14:58:09","modified_gmt":"2023-12-13T17:58:09","slug":"governo-do-tocantins-destaca-potencialidades-do-estado-em-evento-internacional-sobre-pesca-e-aquicultura-em-belem-pa","status":"publish","type":"post","link":"https:\/\/dgospel.com.br\/portal\/index.php\/2023\/12\/06\/governo-do-tocantins-destaca-potencialidades-do-estado-em-evento-internacional-sobre-pesca-e-aquicultura-em-belem-pa\/","title":{"rendered":"Rubens Uch\u00f4a apresenta PL que concede T\u00edtulo de Cidad\u00e3o Palmense ao Padre Aderso Alves"},"content":{"rendered":"\n<p>Projeto de Lei que concede T\u00edtulo de Cidad\u00e3o Palmense ao Padre Aderso Alves dos Santos foi apresentado pelo vereador de Palmas Rubens Uch\u00f4a (Uni\u00e3o Brasil), um l\u00edder espiritual da Par\u00f3quia Bom Jesus da Serra, zona rural da capital, o padre possui um extenso trabalho realizado em nossa Capital, n\u00e3o apenas na \u00e1rea religiosa, mas tamb\u00e9m social, como o desenvolvido na luta contra as drogas.<\/p>\n\n\n\n<p>Para o vereador Rubens Uch\u00f4a, esta \u00e9 uma homenagem mais que merecida, devido ao empenho e dedica\u00e7\u00e3o de um Padre que conquista o carisma de jovens e adultos por onde passa.<\/p>\n\n\n\n<p>\u201cO grande diferencial encontrado no padre Aderso \u00e9 a sua comunh\u00e3o e respeito com todos os seguimentos da cidade, evang\u00e9licos e cat\u00f3licos, religiosos ou n\u00e3o, pois possui uma vis\u00e3o de enaltecer a vida e a paz com todos\u201d, destacou. &nbsp;<\/p>\n\n\n\n<p>Hist\u00f3rico<\/p>\n\n\n\n<p>Padre Aderso Alves \u00e9 natural do munic\u00edpio de Jaupaci \u2013 GO, licenciado em filosofia pela Universidade Cat\u00f3lica de Goi\u00e1s e Graduado em psicologia pela mesma institui\u00e7\u00e3o. Bacharel em teologia pela PUC de Goi\u00e1s e t\u00e9cnico em contabilidade pelo Col\u00e9gio Get\u00falio Vargas de Jaupaci.<\/p>\n\n\n\n<p>Chegou em Palmas em 2008, foi o primeiro padre a residir na Par\u00f3quia Bom Jesus da Serra, a \u00fanica par\u00f3quia 100% rural da capital, onde permaneceu por seis anos, prestando relevantes trabalhos, n\u00e3o apenas religiosos, mais tamb\u00e9m sociais, sendo um dos idealizadores da Escola Rural. Neste per\u00edodo serviu por tr\u00eas anos como presidente da Fazenda da Esperan\u00e7a de Lajeado.<\/p>\n\n\n\n<p>Atualmente \u00e9 presidente fundador do Instituto QuemDiria, que tem como objetivo acolher jovens em estado de vulnerabilidade.<\/p>\n","protected":false},"excerpt":{"rendered":"<p>Projeto de Lei que concede T\u00edtulo de Cidad\u00e3o Palmense ao Padre Aderso Alves dos Santos foi apresentado pelo vereador de Palmas Rubens Uch\u00f4a (Uni\u00e3o Brasil), um l\u00edder espiritual da Par\u00f3quia Bom Jesus da Serra, zona rural da capital, o padre possui um extenso trabalho realizado em nossa Capital, n\u00e3o apenas na \u00e1rea religiosa, mas tamb\u00e9m [&hellip;]<\/p>\n","protected":false},"author":2,"featured_media":17953,"comment_status":"open","ping_status":"open","sticky":false,"template":"","format":"standard","meta":[],"categories":[8],"tags":[13],"_links":{"self":[{"href":"https:\/\/dgospel.com.br\/portal\/index.php\/wp-json\/wp\/v2\/posts\/17887"}],"collection":[{"href":"https:\/\/dgospel.com.br\/portal\/index.php\/wp-json\/wp\/v2\/posts"}],"about":[{"href":"https:\/\/dgospel.com.br\/portal\/index.php\/wp-json\/wp\/v2\/types\/post"}],"author":[{"embeddable":true,"href":"https:\/\/dgospel.com.br\/portal\/index.php\/wp-json\/wp\/v2\/users\/2"}],"replies":[{"embeddable":true,"href":"https:\/\/dgospel.com.br\/portal\/index.php\/wp-json\/wp\/v2\/comments?post=17887"}],"version-history":[{"count":2,"href":"https:\/\/dgospel.com.br\/portal\/index.php\/wp-json\/wp\/v2\/posts\/17887\/revisions"}],"predecessor-version":[{"id":17952,"href":"https:\/\/dgospel.com.br\/portal\/index.php\/wp-json\/wp\/v2\/posts\/17887\/revisions\/17952"}],"wp:featuredmedia":[{"embeddable":true,"href":"https:\/\/dgospel.com.br\/portal\/index.php\/wp-json\/wp\/v2\/media\/17953"}],"wp:attachment":[{"href":"https:\/\/dgospel.com.br\/portal\/index.php\/wp-json\/wp\/v2\/media?parent=17887"}],"wp:term":[{"taxonomy":"category","embeddable":true,"href":"https:\/\/dgospel.com.br\/portal\/index.php\/wp-json\/wp\/v2\/categories?post=17887"},{"taxonomy":"post_tag","embeddable":true,"href":"https:\/\/dgospel.com.br\/portal\/index.php\/wp-json\/wp\/v2\/tags?post=17887"}],"curies":[{"name":"wp","href":"https:\/\/api.w.org\/{rel}","templated":true}]}}