{"id":17890,"date":"2023-12-06T15:25:19","date_gmt":"2023-12-06T18:25:19","guid":{"rendered":"http:\/\/dgospel.com.br\/portal\/?p=17890"},"modified":"2023-12-13T15:03:45","modified_gmt":"2023-12-13T18:03:45","slug":"governo-do-tocantins-debate-desafios-da-regularizacao-da-politica-ambiental-na-cop-28","status":"publish","type":"post","link":"https:\/\/dgospel.com.br\/portal\/index.php\/2023\/12\/06\/governo-do-tocantins-debate-desafios-da-regularizacao-da-politica-ambiental-na-cop-28\/","title":{"rendered":"Projeto de Lei de autoria do vereador Rubens Uch\u00f4a concede T\u00edtulo de Cidad\u00e3o Palmense ao ex-senador Vicente Alves"},"content":{"rendered":"\n<p>Projeto de Lei que concede T\u00edtulo de Cidad\u00e3o Palmense ao Vicente Alves de Oliveira foi apresentado pelo vereador de Palmas Rubens Uch\u00f4a (Uni\u00e3o Brasil), uma pessoa com grandes servi\u00e7os prestados ao Estado do Tocantins, Vicentinho foi por dois mandatos consecutivos, 1998 e 2002, a deputado estadual chagando a presidir a Assembleia Legislativa do Tocantins.<\/p>\n\n\n\n<p>Para o vereador Rubens Uch\u00f4a, esta \u00e9 uma homenagem mais que merecida, devido aos grandes servi\u00e7os prestados no Estado. &nbsp;<\/p>\n\n\n\n<p>&nbsp;Hist\u00f3ria<\/p>\n\n\n\n<p>Vicente Alves de Oliveira \u00e9 formando em Gest\u00e3o P\u00fablica, Piloto comercial e tamb\u00e9m agropecuarista, nascido na cidade de Porto Nacional, onde foi prefeito de 1989 a 1992, elegeu-se por dois mandatos consecutivos, 1998 a 2002, eleito deputado estadual chagando a presidir a Assembleia Legislativa do Tocantins.<\/p>\n\n\n\n<p>Em 2006 foi eleito deputado federal, tendo pertencido ao PDT, PFL, PSDB, PL e ao Partido Solidariedade. Voltou ao Partido da Republica (PR) em 2014 agora PL Partido Liberal. Nas elei\u00e7\u00f5es estaduais no Tocantins em 2010, Vicentinho Alves disputou uma das duas vagas ao Senado Federal, mas obteve o 3\u00ba lugar, com 332.295 votos.<\/p>\n\n\n\n<p>Entretanto, um dos eleitos, o ex-governador do estado Marcelo Miranda teve sua candidatura indeferida com base da lei complementar 64\/90 pelo Tribunal Superior Eleitoral (TSE) em 16 de novembro de 2010, garantindo a Vicentinho Alves a diploma\u00e7\u00e3o e posse como senador do Tocantins a partir de 1\u00ba de fevereiro de 2011. &nbsp;Vicentinho assumiu a vaga deixada pelo ex-senador Leomar Quintanilha.<\/p>\n\n\n\n<p>Ocupou o cargo de Primeiro-Secret\u00e1rio da Mesa Diretora do Senado Federal no bi\u00eanio 2015-2016. Ao Primeiro-Secret\u00e1rio compete a administra\u00e7\u00e3o da Casa e a supervis\u00e3o geral do Senado Federal. Em dezembro de 2016, votou a favor da PEC do Teto dos Gastos P\u00fablicos. &nbsp;Em julho de 2017 votou a favor da reforma trabalhista.&nbsp;<\/p>\n","protected":false},"excerpt":{"rendered":"<p>Projeto de Lei que concede T\u00edtulo de Cidad\u00e3o Palmense ao Vicente Alves de Oliveira foi apresentado pelo vereador de Palmas Rubens Uch\u00f4a (Uni\u00e3o Brasil), uma pessoa com grandes servi\u00e7os prestados ao Estado do Tocantins, Vicentinho foi por dois mandatos consecutivos, 1998 e 2002, a deputado estadual chagando a presidir a Assembleia Legislativa do Tocantins. Para [&hellip;]<\/p>\n","protected":false},"author":2,"featured_media":17955,"comment_status":"open","ping_status":"open","sticky":false,"template":"","format":"standard","meta":[],"categories":[8],"tags":[],"_links":{"self":[{"href":"https:\/\/dgospel.com.br\/portal\/index.php\/wp-json\/wp\/v2\/posts\/17890"}],"collection":[{"href":"https:\/\/dgospel.com.br\/portal\/index.php\/wp-json\/wp\/v2\/posts"}],"about":[{"href":"https:\/\/dgospel.com.br\/portal\/index.php\/wp-json\/wp\/v2\/types\/post"}],"author":[{"embeddable":true,"href":"https:\/\/dgospel.com.br\/portal\/index.php\/wp-json\/wp\/v2\/users\/2"}],"replies":[{"embeddable":true,"href":"https:\/\/dgospel.com.br\/portal\/index.php\/wp-json\/wp\/v2\/comments?post=17890"}],"version-history":[{"count":2,"href":"https:\/\/dgospel.com.br\/portal\/index.php\/wp-json\/wp\/v2\/posts\/17890\/revisions"}],"predecessor-version":[{"id":17956,"href":"https:\/\/dgospel.com.br\/portal\/index.php\/wp-json\/wp\/v2\/posts\/17890\/revisions\/17956"}],"wp:featuredmedia":[{"embeddable":true,"href":"https:\/\/dgospel.com.br\/portal\/index.php\/wp-json\/wp\/v2\/media\/17955"}],"wp:attachment":[{"href":"https:\/\/dgospel.com.br\/portal\/index.php\/wp-json\/wp\/v2\/media?parent=17890"}],"wp:term":[{"taxonomy":"category","embeddable":true,"href":"https:\/\/dgospel.com.br\/portal\/index.php\/wp-json\/wp\/v2\/categories?post=17890"},{"taxonomy":"post_tag","embeddable":true,"href":"https:\/\/dgospel.com.br\/portal\/index.php\/wp-json\/wp\/v2\/tags?post=17890"}],"curies":[{"name":"wp","href":"https:\/\/api.w.org\/{rel}","templated":true}]}}