{"id":17893,"date":"2023-12-06T15:27:22","date_gmt":"2023-12-06T18:27:22","guid":{"rendered":"http:\/\/dgospel.com.br\/portal\/?p=17893"},"modified":"2023-12-06T15:27:24","modified_gmt":"2023-12-06T18:27:24","slug":"governo-do-tocantins-recebe-equipamentos-doados-pelo-tribunal-de-justica-para-melhoria-do-atendimento-nos-nucleos-do-iml","status":"publish","type":"post","link":"https:\/\/dgospel.com.br\/portal\/index.php\/2023\/12\/06\/governo-do-tocantins-recebe-equipamentos-doados-pelo-tribunal-de-justica-para-melhoria-do-atendimento-nos-nucleos-do-iml\/","title":{"rendered":"Governo do Tocantins recebe equipamentos doados pelo Tribunal de Justi\u00e7a para melhoria do atendimento nos n\u00facleos do IML"},"content":{"rendered":"\n<p>O Instituto M\u00e9dico Legal do Tocantins (IML)&nbsp;recebeu, na manh\u00e3 desta quarta-feira, 6, computadores, nobreaks, impressoras e mobili\u00e1rio doados pelo Tribunal de Justi\u00e7a do Tocantins (TJTO). O governador em exerc\u00edcio, Laurez Moreira, e o secret\u00e1rio de Estado da Seguran\u00e7a P\u00fablica, Wlademir Mota Oliveira, receberam os equipamentos das m\u00e3os da presidente do TJTO, desembargadora Etelvina Maria Sampaio Felipe.<\/p>\n\n\n\n<p>A parceria entre as institui\u00e7\u00f5es para melhorar a presta\u00e7\u00e3o de servi\u00e7os no \u00e2mbito do poder p\u00fablico foi um ponto destacado pelo Governador em exerc\u00edcio, Laurez Moreira, durante a entrega. &#8220;Nosso Estado tem um territ\u00f3rio extenso, com diversas necessidades, e a uni\u00e3o de esfor\u00e7os \u00e9 importante para que possamos atender a essas demandas. O IML \u00e9 um desses \u00f3rg\u00e3os relevantes, especialmente, no atendimento a v\u00edtimas de viol\u00eancia e para cuidarmos dessas pessoas, precisamos ter bons equipamentos. Ent\u00e3o, parabenizo o TJTO por essa iniciativa e a SSP por buscar essa parceria&#8221;, enfatizou.<br><br>A presidente do TJTO frisou que a a\u00e7\u00e3o faz parte da pol\u00edtica de destina\u00e7\u00e3o social de equipamentos mantida pelo Poder Judici\u00e1rio tocantinense. &#8220;N\u00f3s trabalhamos para o bem comum dos cidad\u00e3os do nosso Estado, e esses equipamentos dar\u00e3o estrutura aos n\u00facleos do IML, no que tange principalmente \u00e0 elabora\u00e7\u00e3o de laudos, que s\u00e3o importantes para o trabalho do judici\u00e1rio e, por fim, chegam l\u00e1 na ponta, que \u00e9 uma presta\u00e7\u00e3o de servi\u00e7o mais c\u00e9lere para o tocantinense&#8221;, destacou a desembargadora Etelvina Maria.<br><br>Os equipamentos ser\u00e3o destinados a n\u00facleos de nove munic\u00edpios, al\u00e9m de Palmas. S\u00e3o eles: Gurupi, Colinas, Aragua\u00edna, Guara\u00ed, Para\u00edso do Tocantins, Tocantin\u00f3polis, Araguatins, Porto Nacional e Natividade.<br><br>O secret\u00e1rio de Estado da Seguran\u00e7a P\u00fablica, Wlademir Mota Oliveira, ao agradecer o TJTO pela a\u00e7\u00e3o, apontou a import\u00e2ncia de aparelhar o Instituto M\u00e9dico Legal. &#8220;Aqui \u00e9 o primeiro lugar onde as v\u00edtimas chegam pedindo socorro e, a partir daqui, s\u00e3o produzidos os documentos necess\u00e1rios para que a devida justi\u00e7a seja feita, por isso, esses novos equipamentos trazem mais qualidade para o trabalho da Pol\u00edcia Civil&#8221;, finalizou.<br><br>Prestigiaram o evento o superintendente da Pol\u00edcia Cient\u00edfica, Alexandre Agreli; o diretor do Instituto M\u00e9dico Legal, Eduardo Godinho; e servidores da Seguran\u00e7a P\u00fablica e do Tribunal de Justi\u00e7a do Tocantins.<\/p>\n\n\n\n<p><img src=\"https:\/\/central.to.gov.br\/image\/358235?w=670&amp;h=383\"><\/p>\n\n\n\n<p>Na ocasi\u00e3o, o governador em exerc\u00edcio agradeceu ao TJTO por essa iniciativa e parabenizou a SSP por buscar essa parceria &#8211; TJTO\/Divulga\u00e7\u00e3o\u00a0<\/p>\n\n\n\n<p><img src=\"https:\/\/central.to.gov.br\/image\/358232?w=670&amp;h=383\"><\/p>\n\n\n\n<p>A presidente do TJTO frisou que a a\u00e7\u00e3o faz parte da pol\u00edtica de destina\u00e7\u00e3o social de equipamentos mantida pelo Poder Judici\u00e1rio tocantinense &#8211; TJTO\/Divulga\u00e7\u00e3o<\/p>\n","protected":false},"excerpt":{"rendered":"<p>O Instituto M\u00e9dico Legal do Tocantins (IML)&nbsp;recebeu, na manh\u00e3 desta quarta-feira, 6, computadores, nobreaks, impressoras e mobili\u00e1rio doados pelo Tribunal de Justi\u00e7a do Tocantins (TJTO). O governador em exerc\u00edcio, Laurez Moreira, e o secret\u00e1rio de Estado da Seguran\u00e7a P\u00fablica, Wlademir Mota Oliveira, receberam os equipamentos das m\u00e3os da presidente do TJTO, desembargadora Etelvina Maria Sampaio [&hellip;]<\/p>\n","protected":false},"author":2,"featured_media":17894,"comment_status":"open","ping_status":"open","sticky":false,"template":"","format":"standard","meta":[],"categories":[3],"tags":[13],"_links":{"self":[{"href":"https:\/\/dgospel.com.br\/portal\/index.php\/wp-json\/wp\/v2\/posts\/17893"}],"collection":[{"href":"https:\/\/dgospel.com.br\/portal\/index.php\/wp-json\/wp\/v2\/posts"}],"about":[{"href":"https:\/\/dgospel.com.br\/portal\/index.php\/wp-json\/wp\/v2\/types\/post"}],"author":[{"embeddable":true,"href":"https:\/\/dgospel.com.br\/portal\/index.php\/wp-json\/wp\/v2\/users\/2"}],"replies":[{"embeddable":true,"href":"https:\/\/dgospel.com.br\/portal\/index.php\/wp-json\/wp\/v2\/comments?post=17893"}],"version-history":[{"count":1,"href":"https:\/\/dgospel.com.br\/portal\/index.php\/wp-json\/wp\/v2\/posts\/17893\/revisions"}],"predecessor-version":[{"id":17895,"href":"https:\/\/dgospel.com.br\/portal\/index.php\/wp-json\/wp\/v2\/posts\/17893\/revisions\/17895"}],"wp:featuredmedia":[{"embeddable":true,"href":"https:\/\/dgospel.com.br\/portal\/index.php\/wp-json\/wp\/v2\/media\/17894"}],"wp:attachment":[{"href":"https:\/\/dgospel.com.br\/portal\/index.php\/wp-json\/wp\/v2\/media?parent=17893"}],"wp:term":[{"taxonomy":"category","embeddable":true,"href":"https:\/\/dgospel.com.br\/portal\/index.php\/wp-json\/wp\/v2\/categories?post=17893"},{"taxonomy":"post_tag","embeddable":true,"href":"https:\/\/dgospel.com.br\/portal\/index.php\/wp-json\/wp\/v2\/tags?post=17893"}],"curies":[{"name":"wp","href":"https:\/\/api.w.org\/{rel}","templated":true}]}}