{"id":17902,"date":"2023-12-11T11:08:55","date_gmt":"2023-12-11T14:08:55","guid":{"rendered":"http:\/\/dgospel.com.br\/portal\/?p=17902"},"modified":"2023-12-11T11:08:56","modified_gmt":"2023-12-11T14:08:56","slug":"javier-milei-corta-ministerios-pela-metade-em-seu-primeiro-decreto","status":"publish","type":"post","link":"https:\/\/dgospel.com.br\/portal\/index.php\/2023\/12\/11\/javier-milei-corta-ministerios-pela-metade-em-seu-primeiro-decreto\/","title":{"rendered":"Javier Milei corta minist\u00e9rios pela metade em seu primeiro decreto"},"content":{"rendered":"\n<p>O presidente da&nbsp;<a href=\"http:\/\/pleno.news\/tag\/argentina\" target=\"_blank\" rel=\"noreferrer noopener\">Argentina<\/a>,&nbsp;<a href=\"http:\/\/pleno.news\/tag\/javier-milei\" target=\"_blank\" rel=\"noreferrer noopener\">Javier Milei<\/a>, oficializou, na tarde deste domingo (10), os nomes para compor seu gabinete, cumprindo uma promessa de campanha de passar a tesoura no n\u00famero de cargos. Em uma cerim\u00f4nia fechada, ele nomeou seus nove ministros, ante 18 do governo anterior.<\/p>\n\n\n\n<p>Minist\u00e9rios como o da Educa\u00e7\u00e3o, Prote\u00e7\u00e3o Social e Direitos Humanos, entre outros, ficariam de fora da nova lista. Nessa conta tamb\u00e9m estava o Minist\u00e9rio da Sa\u00fade, mas no s\u00e1bado (9) Milei anunciou que manteria a \u00e1rea como minist\u00e9rio, e n\u00e3o mais como secretaria como tinha anunciado anteriormente.<\/p>\n\n\n\n<p>A redu\u00e7\u00e3o de cargos foi feita por meio de DNU, que funciona como um decreto presidencial. De acordo com o jornal Clar\u00edn, citando fontes que acompanharam a cerim\u00f4nia dentro da Casa Rosada, a ordem do juramento dos ministros foi:<\/p>\n\n\n\n<p>\u2013 Guillermo Francos no Interior;<br>\u2013 Diana Mondino nas Rela\u00e7\u00f5es Exteriores;<br>\u2013 Luis Petri na Defesa;<br>\u2013 Luis \u201cToto\u201d Caputo na Economia;<br>\u2013 Guillermo Ferraro na Infraestrutura;<br>\u2013 Mariano C\u00faneo Liberona na Justi\u00e7a;<br>\u2013 Patricia Bullrich na Seguran\u00e7a;<br>\u2013 Mario Russo na Sa\u00fade;<br>\u2013 Sandra Pettovello no Capital Humano.<\/p>\n\n\n\n<p>Por fim, a irm\u00e3 do presidente, Karina Milei, tomou posse como secret\u00e1ria-geral da Presid\u00eancia, uma nomea\u00e7\u00e3o que s\u00f3 ocorreu ap\u00f3s a anula\u00e7\u00e3o de um decreto firmado por Mauricio Macri em 2018 que proibia nomea\u00e7\u00f5es de pessoas com qualquer rela\u00e7\u00e3o \u201ctanto em linha direta quanto em linha colateral at\u00e9 o segundo grau\u201d com o presidente, vice-presidente, ministros ou chefes de gabinete.<\/p>\n\n\n\n<p>A decis\u00e3o de conduzir o juramento dos ministros em particular foi do pr\u00f3prio Javier Milei, segundo a imprensa argentina adiantou. As defini\u00e7\u00f5es ocorreram na Casa Rosada, depois que o novo presidente argentino recebeu os cumprimentos de l\u00edderes internacionais e delega\u00e7\u00f5es estrangeiras.<\/p>\n\n\n\n<p>A cerim\u00f4nia seguiu a posse oficial no Congresso Nacional, onde Milei recebeu o bast\u00e3o e a faixa presidencial de Alberto Fern\u00e1ndez. Em seguida, Milei fez uma caminhada saindo da Casa Rosada em dire\u00e7\u00e3o \u00e0 Catedral Metropolitana, onde acompanhou celebra\u00e7\u00f5es religiosas.<\/p>\n\n\n\n<p>*AE<\/p>\n","protected":false},"excerpt":{"rendered":"<p>O presidente da&nbsp;Argentina,&nbsp;Javier Milei, oficializou, na tarde deste domingo (10), os nomes para compor seu gabinete, cumprindo uma promessa de campanha de passar a tesoura no n\u00famero de cargos. Em uma cerim\u00f4nia fechada, ele nomeou seus nove ministros, ante 18 do governo anterior. Minist\u00e9rios como o da Educa\u00e7\u00e3o, Prote\u00e7\u00e3o Social e Direitos Humanos, entre outros, [&hellip;]<\/p>\n","protected":false},"author":2,"featured_media":17903,"comment_status":"open","ping_status":"open","sticky":false,"template":"","format":"standard","meta":[],"categories":[16],"tags":[],"_links":{"self":[{"href":"https:\/\/dgospel.com.br\/portal\/index.php\/wp-json\/wp\/v2\/posts\/17902"}],"collection":[{"href":"https:\/\/dgospel.com.br\/portal\/index.php\/wp-json\/wp\/v2\/posts"}],"about":[{"href":"https:\/\/dgospel.com.br\/portal\/index.php\/wp-json\/wp\/v2\/types\/post"}],"author":[{"embeddable":true,"href":"https:\/\/dgospel.com.br\/portal\/index.php\/wp-json\/wp\/v2\/users\/2"}],"replies":[{"embeddable":true,"href":"https:\/\/dgospel.com.br\/portal\/index.php\/wp-json\/wp\/v2\/comments?post=17902"}],"version-history":[{"count":1,"href":"https:\/\/dgospel.com.br\/portal\/index.php\/wp-json\/wp\/v2\/posts\/17902\/revisions"}],"predecessor-version":[{"id":17904,"href":"https:\/\/dgospel.com.br\/portal\/index.php\/wp-json\/wp\/v2\/posts\/17902\/revisions\/17904"}],"wp:featuredmedia":[{"embeddable":true,"href":"https:\/\/dgospel.com.br\/portal\/index.php\/wp-json\/wp\/v2\/media\/17903"}],"wp:attachment":[{"href":"https:\/\/dgospel.com.br\/portal\/index.php\/wp-json\/wp\/v2\/media?parent=17902"}],"wp:term":[{"taxonomy":"category","embeddable":true,"href":"https:\/\/dgospel.com.br\/portal\/index.php\/wp-json\/wp\/v2\/categories?post=17902"},{"taxonomy":"post_tag","embeddable":true,"href":"https:\/\/dgospel.com.br\/portal\/index.php\/wp-json\/wp\/v2\/tags?post=17902"}],"curies":[{"name":"wp","href":"https:\/\/api.w.org\/{rel}","templated":true}]}}