{"id":17905,"date":"2023-12-11T11:12:49","date_gmt":"2023-12-11T14:12:49","guid":{"rendered":"http:\/\/dgospel.com.br\/portal\/?p=17905"},"modified":"2023-12-11T11:12:50","modified_gmt":"2023-12-11T14:12:50","slug":"governo-do-tocantins-promove-formacao-tecnica-e-monitoramento-dos-servicos-do-creas-e-familia-acolhedora","status":"publish","type":"post","link":"https:\/\/dgospel.com.br\/portal\/index.php\/2023\/12\/11\/governo-do-tocantins-promove-formacao-tecnica-e-monitoramento-dos-servicos-do-creas-e-familia-acolhedora\/","title":{"rendered":"Governo do Tocantins promove forma\u00e7\u00e3o t\u00e9cnica e monitoramento dos servi\u00e7os do Creas e Fam\u00edlia Acolhedora"},"content":{"rendered":"\n<p>O Governo do Tocantins, por meio da Secretaria de Estado do Trabalho e Desenvolvimento Social (Setas), promove forma\u00e7\u00e3o t\u00e9cnica e monitoramento sobre os servi\u00e7os do Centro de Refer\u00eancia Especializado em Assist\u00eancia Social (Creas) e Fam\u00edlia Acolhedora para 29 munic\u00edpios tocantinenses, em tr\u00eas regionais.<\/p>\n\n\n\n<p>A a\u00e7\u00e3o atende a equipe t\u00e9cnica dos servi\u00e7os regionalizados do Creas e de acolhimento em Fam\u00edlia Acolhedora; e os t\u00e9cnicos de refer\u00eancia que atendem nas tr\u00eas sedes e nos munic\u00edpios vinculados.<\/p>\n\n\n\n<p>Na capacita\u00e7\u00e3o, est\u00e3o sendo abordados os servi\u00e7os da Prote\u00e7\u00e3o Social Especial de M\u00e9dia e Alta Complexidade; as compet\u00eancias e o trabalho a ser desenvolvido pelo Creas, como o Servi\u00e7o de Atendimento Especializado a Fam\u00edlias e Indiv\u00edduos (Paefi), Medidas Socioeducativas e as a\u00e7\u00f5es estrat\u00e9gicas do Programa de Erradica\u00e7\u00e3o do Trabalho Infantil (Aepeti), e pelo Servi\u00e7o de Acolhimento em Fam\u00edlia Acolhedora para Crian\u00e7as e Adolescentes; relacionamento interpessoal e aspectos \u00e9ticos, realiza\u00e7\u00e3o de estudos de casos, e os demais assuntos pertinentes aos servi\u00e7os.<\/p>\n\n\n\n<p>A gerente da Prote\u00e7\u00e3o Social Especial da Setas, Ruth da Silva Sampaio, frisa que a realiza\u00e7\u00e3o da forma\u00e7\u00e3o e do monitoramento nas tr\u00eas regionais visa aperfei\u00e7oar o atendimento especializado que \u00e9 disponibilizado aos usu\u00e1rios dos servi\u00e7os. \u201cA forma\u00e7\u00e3o ocorre primeiramente na sede, com os t\u00e9cnicos dos equipamentos e os t\u00e9cnicos de refer\u00eancia dos munic\u00edpios vinculados. Ap\u00f3s esta etapa de forma\u00e7\u00e3o, ocorre o monitoramento e as visitas aos equipamentos; esta etapa acontece nos munic\u00edpios vinculados\u201d, destacou.<\/p>\n\n\n\n<p><strong>Xambio\u00e1<\/strong><\/p>\n\n\n\n<p>Em Xambio\u00e1<strong>,&nbsp;<\/strong>a a\u00e7\u00e3o ocorre desde a segunda-feira, 4, e prossegue at\u00e9 esta sexta, 8, e capacita a equipe t\u00e9cnica dos servi\u00e7os regionalizados do Creas e de acolhimento em Fam\u00edlia Acolhedora, e os t\u00e9cnicos de refer\u00eancia que atendem na sede Xambio\u00e1 e nos munic\u00edpios vinculados.<\/p>\n\n\n\n<p><strong>Taguatinga e Pedro Afonso<\/strong><\/p>\n\n\n\n<p>A a\u00e7\u00e3o ocorreu de 13 a 17 de novembro com os t\u00e9cnicos que atendem a popula\u00e7\u00e3o na sede dos servi\u00e7os em Taguatinga e nos munic\u00edpios vinculados; e de 27 de novembro a 1\u00b0 de dezembro, atendendo os t\u00e9cnicos na sede dos servi\u00e7os em Pedro Afonso e nos munic\u00edpios vinculados.<\/p>\n\n\n\n<p>No total, est\u00e3o sendo atendidos 62 t\u00e9cnicos e secret\u00e1rios municipais da assist\u00eancia social em 24 cidades tocantinenses: Anan\u00e1s, Angico, Arraias, Aurora, Bom Jesus do Tocantins, Centen\u00e1rio, Concei\u00e7\u00e3o do Tocantins, Combinado, Darcin\u00f3polis, Itapiratins, Itacaj\u00e1, Lavandeira, Novo Alegre, Paran\u00e3, Ponte Alta do Bom Jesus, Pedro Afonso, Piraqu\u00ea, Riachinho, Recursol\u00e2ndia, Santa Maria do Tocantins, Taguatinga, Tupirama, Wanderl\u00e2ndia e Xambio\u00e1.<\/p>\n\n\n\n<p><img src=\"https:\/\/central.to.gov.br\/image\/358628?w=670&amp;h=383\"><\/p>\n\n\n\n<p>A a\u00e7\u00e3o tamb\u00e9m atendeu os t\u00e9cnicos na sede dos servi\u00e7os em Pedro Afonso e nos munic\u00edpios vinculados &#8211; Setas\/Governo do Tocantins<\/p>\n","protected":false},"excerpt":{"rendered":"<p>O Governo do Tocantins, por meio da Secretaria de Estado do Trabalho e Desenvolvimento Social (Setas), promove forma\u00e7\u00e3o t\u00e9cnica e monitoramento sobre os servi\u00e7os do Centro de Refer\u00eancia Especializado em Assist\u00eancia Social (Creas) e Fam\u00edlia Acolhedora para 29 munic\u00edpios tocantinenses, em tr\u00eas regionais. A a\u00e7\u00e3o atende a equipe t\u00e9cnica dos servi\u00e7os regionalizados do Creas e [&hellip;]<\/p>\n","protected":false},"author":2,"featured_media":17906,"comment_status":"open","ping_status":"open","sticky":false,"template":"","format":"standard","meta":[],"categories":[3],"tags":[13],"_links":{"self":[{"href":"https:\/\/dgospel.com.br\/portal\/index.php\/wp-json\/wp\/v2\/posts\/17905"}],"collection":[{"href":"https:\/\/dgospel.com.br\/portal\/index.php\/wp-json\/wp\/v2\/posts"}],"about":[{"href":"https:\/\/dgospel.com.br\/portal\/index.php\/wp-json\/wp\/v2\/types\/post"}],"author":[{"embeddable":true,"href":"https:\/\/dgospel.com.br\/portal\/index.php\/wp-json\/wp\/v2\/users\/2"}],"replies":[{"embeddable":true,"href":"https:\/\/dgospel.com.br\/portal\/index.php\/wp-json\/wp\/v2\/comments?post=17905"}],"version-history":[{"count":1,"href":"https:\/\/dgospel.com.br\/portal\/index.php\/wp-json\/wp\/v2\/posts\/17905\/revisions"}],"predecessor-version":[{"id":17907,"href":"https:\/\/dgospel.com.br\/portal\/index.php\/wp-json\/wp\/v2\/posts\/17905\/revisions\/17907"}],"wp:featuredmedia":[{"embeddable":true,"href":"https:\/\/dgospel.com.br\/portal\/index.php\/wp-json\/wp\/v2\/media\/17906"}],"wp:attachment":[{"href":"https:\/\/dgospel.com.br\/portal\/index.php\/wp-json\/wp\/v2\/media?parent=17905"}],"wp:term":[{"taxonomy":"category","embeddable":true,"href":"https:\/\/dgospel.com.br\/portal\/index.php\/wp-json\/wp\/v2\/categories?post=17905"},{"taxonomy":"post_tag","embeddable":true,"href":"https:\/\/dgospel.com.br\/portal\/index.php\/wp-json\/wp\/v2\/tags?post=17905"}],"curies":[{"name":"wp","href":"https:\/\/api.w.org\/{rel}","templated":true}]}}