{"id":17908,"date":"2023-12-11T11:15:18","date_gmt":"2023-12-11T14:15:18","guid":{"rendered":"http:\/\/dgospel.com.br\/portal\/?p=17908"},"modified":"2023-12-11T11:15:19","modified_gmt":"2023-12-11T14:15:19","slug":"governo-do-tocantins-reune-instituicoes-parceiras-para-planejamento-das-acoes-de-imunizacao-de-2024","status":"publish","type":"post","link":"https:\/\/dgospel.com.br\/portal\/index.php\/2023\/12\/11\/governo-do-tocantins-reune-instituicoes-parceiras-para-planejamento-das-acoes-de-imunizacao-de-2024\/","title":{"rendered":"Governo do Tocantins re\u00fane institui\u00e7\u00f5es parceiras para planejamento das a\u00e7\u00f5es de imuniza\u00e7\u00e3o de 2024"},"content":{"rendered":"\n<p>Com objetivo de alinhar as a\u00e7\u00f5es de Imuniza\u00e7\u00e3o no Tocantins, a Secretaria de Estado de Sa\u00fade (SES-TO) reuniu-se nesta sexta-feira, 8, com o Grupo T\u00e9cnico do projeto&nbsp;<em>Imuniza Tocantins<\/em>, para construir o Plano Estadual de Vacina\u00e7\u00e3o de 2024. O evento, coordenado pela Ger\u00eancia de Imuniza\u00e7\u00e3o da Pasta, visa ao aumento da cobertura vacinal de todo o Estado.<\/p>\n\n\n\n<p>O Grupo T\u00e9cnico \u00e9 formado pelas \u00e1reas t\u00e9cnicas da SES-TO; do Minist\u00e9rio P\u00fablico do Tocantins (MPTO); da Secretaria de Estado da Cidadania e Justi\u00e7a (Seciju); da Secretaria de Estado da Educa\u00e7\u00e3o (Seduc); da Superintend\u00eancia Estadual do Minist\u00e9rio da Sa\u00fade (MS); do Conselho de Secretarias Municipais de Sa\u00fade (Cosems-TO); do Conselho Regional de Enfermagem (Coren-TO); da Associa\u00e7\u00e3o Tocantinense de Munic\u00edpios (ATM); do Distrito Sanit\u00e1rio Especial Ind\u00edgena no Tocantins; da, Pastoral da Crian\u00e7a do Tocantins; e do Instituto Peabiru.<\/p>\n\n\n\n<p>&#8220;A tem\u00e1tica vacina\u00e7\u00e3o \u00e9 uma das prioridades de gest\u00e3o nas a\u00e7\u00f5es de vigil\u00e2ncia em sa\u00fade, por isso estamos direcionando todos os nossos esfor\u00e7os para alcan\u00e7armos a coberturas vacinais e esse trabalho tem gerado resultado, apesar de s\u00f3 termos alcan\u00e7ado cobertura vacinal na vacina da poliomielite, segundo dados do Minist\u00e9rio da Sa\u00fade de 2022, o Tocantins est\u00e1 em primeiro lugar no Brasil em percentual de vacina\u00e7\u00e3o e acreditamos e qu,e neste ano de 2023, manteremos essa posi\u00e7\u00e3o&#8221;, destacou a diretora de Vigil\u00e2ncia de Doen\u00e7as Transmiss\u00edveis e n\u00e3o Transmiss\u00edveis, Gisele Silva Carvalho Luz.<\/p>\n\n\n\n<p>A gerente de Imuniza\u00e7\u00e3o da SES-TO, Diandra Sena, destacou que &#8220;o alcance desse resultado \u00e9 fruto do trabalho que temos feito no Grupo T\u00e9cnico, mas ainda precisamos avan\u00e7ar, pois no Tocantins assim como nos demais estados brasileiros, a cobertura vacinal ainda est\u00e1 abaixo dos 90%, por isso o Plano Estadual de Vacina\u00e7\u00e3o \u00e9 um instrumento importante&#8221;.<\/p>\n\n\n\n<p>Na reuni\u00e3o, tamb\u00e9m foram apresentados, por todos os parceiros, os resultados das a\u00e7\u00f5es do Plano Estadual de Vacina\u00e7\u00e3o de 2023 e as propostas para o ano de 2024. \u201cTemos trabalhado com as escolas, a orienta\u00e7\u00e3o para que pe\u00e7am o cart\u00e3o de vacina atualizado, no ato das matr\u00edculas, conforme normativa estadual. Al\u00e9m disso, pedimos que os munic\u00edpios programem em seus territ\u00f3rios as mesmas pr\u00e1ticas, bem como as escolas da rede particular\u201d, afirmou a representante da Ger\u00eancia de Programa e Projetos Pedag\u00f3gicos da Seduc, Maria Teresinha Ribeiro.<\/p>\n\n\n\n<p>O superintendente do Minist\u00e9rio da Sa\u00fade, no Tocantins, Relmivam Milhomem, enfatizou que o Minist\u00e9rio da Sa\u00fade tem se empenhado na massifica\u00e7\u00e3o das campanhas de vacina\u00e7\u00e3o. \u201cAs vacinas s\u00e3o a melhor forma de prote\u00e7\u00e3o e n\u00e3o podemos deixar que doen\u00e7as evit\u00e1veis voltem\u201d, concluiu.&nbsp;<\/p>\n\n\n\n<p>No encontro, ficou definida a jun\u00e7\u00e3o das propostas apresentadas e, no dia 20 de fevereiro de 2024, ocorrer\u00e1 uma nova reuni\u00e3o do Grupo T\u00e9cnico para apresenta\u00e7\u00e3o e aprova\u00e7\u00e3o do Plano Anual de Vacina\u00e7\u00e3o de 2024.<\/p>\n\n\n\n<p><strong>Dados<\/strong><\/p>\n\n\n\n<p>No Tocantins, em 2022, das nove vacinas preconizadas no calend\u00e1rio b\u00e1sico de vacina\u00e7\u00e3o para as crian\u00e7as menores de um ano e um ano de idade, somente a vacina BCG (120,44%), alcan\u00e7ou a cobertura vacinal. O Estado possui 323 salas de vacina, com 49 tipos de imunizantes dispon\u00edveis e fechou o ano de 2022 em 1\u00b0 lugar nacionalmente em cobertura vacinal em menores de dois anos, com 87,69%.<\/p>\n\n\n\n<p><img src=\"https:\/\/central.to.gov.br\/image\/358624?w=670&amp;h=383\"><\/p>\n\n\n\n<p>Evento organizado pela Ger\u00eancia de Imuniza\u00e7\u00e3o da SES-TO visa ao aumento da cobertura vacinal de todo o Tocantins &#8211; Dayana Nascimento\/Governo do Tocantins\u00a0<\/p>\n\n\n\n<p><img src=\"https:\/\/central.to.gov.br\/image\/358623?w=670&amp;h=383\"><\/p>\n\n\n\n<p>A\u00e7\u00e3o tem a parceria do Minist\u00e9rio da Sa\u00fade e da Pastoral da Crian\u00e7a &#8211; Dayana Nascimento\/Governo do Tocantins&nbsp;<\/p>\n","protected":false},"excerpt":{"rendered":"<p>Com objetivo de alinhar as a\u00e7\u00f5es de Imuniza\u00e7\u00e3o no Tocantins, a Secretaria de Estado de Sa\u00fade (SES-TO) reuniu-se nesta sexta-feira, 8, com o Grupo T\u00e9cnico do projeto&nbsp;Imuniza Tocantins, para construir o Plano Estadual de Vacina\u00e7\u00e3o de 2024. O evento, coordenado pela Ger\u00eancia de Imuniza\u00e7\u00e3o da Pasta, visa ao aumento da cobertura vacinal de todo o [&hellip;]<\/p>\n","protected":false},"author":2,"featured_media":17909,"comment_status":"open","ping_status":"open","sticky":false,"template":"","format":"standard","meta":[],"categories":[3],"tags":[13],"_links":{"self":[{"href":"https:\/\/dgospel.com.br\/portal\/index.php\/wp-json\/wp\/v2\/posts\/17908"}],"collection":[{"href":"https:\/\/dgospel.com.br\/portal\/index.php\/wp-json\/wp\/v2\/posts"}],"about":[{"href":"https:\/\/dgospel.com.br\/portal\/index.php\/wp-json\/wp\/v2\/types\/post"}],"author":[{"embeddable":true,"href":"https:\/\/dgospel.com.br\/portal\/index.php\/wp-json\/wp\/v2\/users\/2"}],"replies":[{"embeddable":true,"href":"https:\/\/dgospel.com.br\/portal\/index.php\/wp-json\/wp\/v2\/comments?post=17908"}],"version-history":[{"count":1,"href":"https:\/\/dgospel.com.br\/portal\/index.php\/wp-json\/wp\/v2\/posts\/17908\/revisions"}],"predecessor-version":[{"id":17910,"href":"https:\/\/dgospel.com.br\/portal\/index.php\/wp-json\/wp\/v2\/posts\/17908\/revisions\/17910"}],"wp:featuredmedia":[{"embeddable":true,"href":"https:\/\/dgospel.com.br\/portal\/index.php\/wp-json\/wp\/v2\/media\/17909"}],"wp:attachment":[{"href":"https:\/\/dgospel.com.br\/portal\/index.php\/wp-json\/wp\/v2\/media?parent=17908"}],"wp:term":[{"taxonomy":"category","embeddable":true,"href":"https:\/\/dgospel.com.br\/portal\/index.php\/wp-json\/wp\/v2\/categories?post=17908"},{"taxonomy":"post_tag","embeddable":true,"href":"https:\/\/dgospel.com.br\/portal\/index.php\/wp-json\/wp\/v2\/tags?post=17908"}],"curies":[{"name":"wp","href":"https:\/\/api.w.org\/{rel}","templated":true}]}}