{"id":17911,"date":"2023-12-11T11:19:01","date_gmt":"2023-12-11T14:19:01","guid":{"rendered":"http:\/\/dgospel.com.br\/portal\/?p=17911"},"modified":"2023-12-11T11:19:04","modified_gmt":"2023-12-11T14:19:04","slug":"governador-wanderlei-barbosa-destaca-a-importancia-da-1a-edicao-da-fenesup","status":"publish","type":"post","link":"https:\/\/dgospel.com.br\/portal\/index.php\/2023\/12\/11\/governador-wanderlei-barbosa-destaca-a-importancia-da-1a-edicao-da-fenesup\/","title":{"rendered":"Governador Wanderlei Barbosa destaca a import\u00e2ncia da 1\u00aa edi\u00e7\u00e3o da Fenesup"},"content":{"rendered":"\n<p>Em miss\u00e3o no exterior, o governador Wanderlei Barbosa enviou uma mensagem gravada, na manh\u00e3 desta sexta-feira, 8, parabenizando a equipe de governo pela realiza\u00e7\u00e3o da 1\u00aa edi\u00e7\u00e3o da&nbsp;<em>Feira de Neg\u00f3cios da Regi\u00e3o Sul de Palmas (Fenesup)<\/em>, assim como ressaltou a sua relev\u00e2ncia e os impactos positivos esperados para o desenvolvimento econ\u00f4mico local, na promo\u00e7\u00e3o de oportunidades para empreendedores e no fortalecimento do com\u00e9rcio regional.&nbsp;<\/p>\n\n\n\n<p>\u201cCom muita alegria, estamos realizando a primeira edi\u00e7\u00e3o da Feira de Neg\u00f3cios da Regi\u00e3o Sul de Palmas. O projeto foi pensado para gerar oportunidades de emprego para a popula\u00e7\u00e3o e neg\u00f3cios aos comerciantes, al\u00e9m de fomentar o com\u00e9rcio local, proporcionar o crescimento econ\u00f4mico da regi\u00e3o sul, e, consequentemente, atrair investidores\u201d, declarou o governador.<\/p>\n\n\n\n<p>Wanderlei Barbosa destacou o compromisso do Governo do Tocantins em apoiar eventos que impulsionam a economia e reforcem a identidade comercial da regi\u00e3o, evidenciando a import\u00e2ncia estrat\u00e9gica dessa feira para a comunidade empresarial de Palmas.&nbsp;<\/p>\n\n\n\n<p>Na ocasi\u00e3o, o governador tamb\u00e9m agradeceu o apoio e a parceria da&nbsp;Associa\u00e7\u00e3o Comercial e Industrial de Taquaralto e Regi\u00e3o (Acit); da Assembleia Legislativa do Estado do Tocantins (Aleto); da Prefeitura de Palmas; e do Servi\u00e7o Brasileiro de Apoio \u00e0s Micro e Pequenas Empresas do Tocantins (Sebrae).<\/p>\n\n\n\n<p><strong>Fenesup<\/strong><\/p>\n\n\n\n<p>A abertura da Fenesup ocorreu nessa quinta-feira, 7, com a presen\u00e7a do&nbsp; governador em exerc\u00edcio, Laurez Moreira. A feira segue at\u00e9 este s\u00e1bado, 9, com o objetivo de evidenciar a economia e o com\u00e9rcio de toda regi\u00e3o sul de Palmas.<\/p>\n\n\n\n<p>O local conta com cerca de 90 estandes para que os empres\u00e1rios e os comerciantes possam expor seus produtos e suas marcas, bem como realizar neg\u00f3cios. Al\u00e9m de fomentar a atividade econ\u00f4mica, o evento tamb\u00e9m tem como objetivo atrair novos investidores para a regi\u00e3o.<\/p>\n\n\n\n<p>Ademais do espa\u00e7o para neg\u00f3cios, a Fenesup tem uma programa\u00e7\u00e3o com atra\u00e7\u00f5es culturais e shows. No segundo dia de evento, a popula\u00e7\u00e3o palmense receber\u00e1 o show do cantor Jo\u00e3o Gomes para alegrar a noite. O \u00faltimo dia da feira ter\u00e1 atra\u00e7\u00f5es de artistas regionais.<\/p>\n\n\n\n<p><img src=\"https:\/\/central.to.gov.br\/image\/358644?w=670&amp;h=383\"><\/p>\n\n\n\n<p>Em miss\u00e3o no exterior, o governador Wanderlei Barbosa ressaltou os impactos positivos da Fenesup na economia local &#8211; Esequias Araujo\/Governo do Tocantins\u00a0<\/p>\n\n\n\n<p><img src=\"https:\/\/central.to.gov.br\/image\/358646?w=670&amp;h=383\"><\/p>\n\n\n\n<p>Abertura da Fenesup ocorreu nessa quinta-feira, 7, com a presen\u00e7a do&nbsp; governador em exerc\u00edcio, Laurez Moreira. A feira segue at\u00e9 este s\u00e1bado, 9 &#8211; Adilvan Nogueira\/Governo do Tocantins&nbsp;<\/p>\n","protected":false},"excerpt":{"rendered":"<p>Em miss\u00e3o no exterior, o governador Wanderlei Barbosa enviou uma mensagem gravada, na manh\u00e3 desta sexta-feira, 8, parabenizando a equipe de governo pela realiza\u00e7\u00e3o da 1\u00aa edi\u00e7\u00e3o da&nbsp;Feira de Neg\u00f3cios da Regi\u00e3o Sul de Palmas (Fenesup), assim como ressaltou a sua relev\u00e2ncia e os impactos positivos esperados para o desenvolvimento econ\u00f4mico local, na promo\u00e7\u00e3o de [&hellip;]<\/p>\n","protected":false},"author":2,"featured_media":17912,"comment_status":"open","ping_status":"open","sticky":false,"template":"","format":"standard","meta":[],"categories":[3],"tags":[13],"_links":{"self":[{"href":"https:\/\/dgospel.com.br\/portal\/index.php\/wp-json\/wp\/v2\/posts\/17911"}],"collection":[{"href":"https:\/\/dgospel.com.br\/portal\/index.php\/wp-json\/wp\/v2\/posts"}],"about":[{"href":"https:\/\/dgospel.com.br\/portal\/index.php\/wp-json\/wp\/v2\/types\/post"}],"author":[{"embeddable":true,"href":"https:\/\/dgospel.com.br\/portal\/index.php\/wp-json\/wp\/v2\/users\/2"}],"replies":[{"embeddable":true,"href":"https:\/\/dgospel.com.br\/portal\/index.php\/wp-json\/wp\/v2\/comments?post=17911"}],"version-history":[{"count":1,"href":"https:\/\/dgospel.com.br\/portal\/index.php\/wp-json\/wp\/v2\/posts\/17911\/revisions"}],"predecessor-version":[{"id":17913,"href":"https:\/\/dgospel.com.br\/portal\/index.php\/wp-json\/wp\/v2\/posts\/17911\/revisions\/17913"}],"wp:featuredmedia":[{"embeddable":true,"href":"https:\/\/dgospel.com.br\/portal\/index.php\/wp-json\/wp\/v2\/media\/17912"}],"wp:attachment":[{"href":"https:\/\/dgospel.com.br\/portal\/index.php\/wp-json\/wp\/v2\/media?parent=17911"}],"wp:term":[{"taxonomy":"category","embeddable":true,"href":"https:\/\/dgospel.com.br\/portal\/index.php\/wp-json\/wp\/v2\/categories?post=17911"},{"taxonomy":"post_tag","embeddable":true,"href":"https:\/\/dgospel.com.br\/portal\/index.php\/wp-json\/wp\/v2\/tags?post=17911"}],"curies":[{"name":"wp","href":"https:\/\/api.w.org\/{rel}","templated":true}]}}