{"id":17914,"date":"2023-12-11T11:25:51","date_gmt":"2023-12-11T14:25:51","guid":{"rendered":"http:\/\/dgospel.com.br\/portal\/?p=17914"},"modified":"2023-12-11T11:25:52","modified_gmt":"2023-12-11T14:25:52","slug":"bolsonaro-se-sentou-entre-chefes-de-estado-na-posse-de-milei","status":"publish","type":"post","link":"https:\/\/dgospel.com.br\/portal\/index.php\/2023\/12\/11\/bolsonaro-se-sentou-entre-chefes-de-estado-na-posse-de-milei\/","title":{"rendered":"Bolsonaro se sentou entre chefes de Estado na posse de Milei"},"content":{"rendered":"\n<p>A presen\u00e7a do ex-presidente brasileiro&nbsp;<a href=\"http:\/\/pleno.news\/tag\/jair-bolsonaro\" target=\"_blank\" rel=\"noreferrer noopener\">Jair Bolsonaro<\/a>&nbsp;(PL) chamou a aten\u00e7\u00e3o na posse de&nbsp;<a href=\"http:\/\/pleno.news\/tag\/javier-milei\" target=\"_blank\" rel=\"noreferrer noopener\">Javier Milei<\/a>&nbsp;neste domingo (10). Embora n\u00e3o tenha mais cargo de chefe de Estado, o brasileiro se sentou ao lado de l\u00edderes em exerc\u00edcio da Am\u00e9rica Latina e da Europa, enquanto Milei fazia seu primeiro discurso. O ex-presidente foi ainda presen\u00e7a constante na TV argentina durante o fim de semana.<\/p>\n\n\n\n<p>Participaram da posse chefes de Estado e de governo de oito pa\u00edses: Paraguai, Uruguai, Chile, Equador, Arm\u00eania, Hungria, Espanha e Ucr\u00e2nia \u2013 mais do que os tr\u00eas (Cuba, Uruguai e Paraguai) presentes na posse do antecessor Alberto Fern\u00e1ndez, em 2019.<\/p>\n\n\n\n<p>Diversos pa\u00edses decidiram enviar representantes, caso de Luiz In\u00e1cio Lula da Silva (PT) e do americano Joe Biden. Lula enviou o chanceler Mauro Vieira em seu lugar \u2013 nesse caso, ele n\u00e3o recebe tratamento de chefe de Estado, mas de delega\u00e7\u00e3o estrangeira.<\/p>\n\n\n\n<p>Outras aus\u00eancias sentidas foram do presidente da Col\u00f4mbia, Gustavo Petro, e da Bol\u00edvia, Luis Arce. Os l\u00edderes se sentaram ao lado do novo presidente nas escadarias do Congresso, onde o libert\u00e1rio fez seu primeiro discurso como presidente.<\/p>\n\n\n\n<p>Bolsonaro ficou entre outros chefes de Estado, ao lado de Viktor Orb\u00e1n, primeiro-ministro da Hungria, de Daniel Noboa, presidente rec\u00e9m-eleito do Equador, Luis Lacalle Pou, presidente do Uruguai, e Santiago Pe\u00f1a, presidente do Paraguai. Na mesma escadaria, do lado direito de Milei estava o presidente da Ucr\u00e2nia, Volodymyr Zelensky, em sua primeira visita \u00e0 Am\u00e9rica Latina.<\/p>\n\n\n\n<p>Na posse, o ucraniano deu um longo abra\u00e7o no novo presidente argentino e os dois conversaram antes do discurso. Al\u00e9m de Zelensky, estavam do lado direito de Milei o presidente da Arm\u00eania, Vahagn Khachaturyan, o presidente do Chile, Gabriel Boric, e o rei da Espanha, Felipe VI.<\/p>\n\n\n\n<p><strong>COMITIVA<br><\/strong>Bolsonaro se reuniu com Milei na \u00faltima sexta-feira (8), logo depois de haver caminhado pela famosa Rua Florida, muito frequentada por turistas brasileiros. Al\u00e9m de Bolsonaro, foram para Buenos Aires o senador Fl\u00e1vio Bolsonaro (PL-RJ), o deputado federal Eduardo Bolsonaro (PL-SP), o ex-ministro das Rela\u00e7\u00f5es Exteriores Ernesto Ara\u00fajo, o presidente do PL, Valdemar Costa Neto, o governador de S\u00e3o Paulo, Tarc\u00edsio de Freitas (Republicanos), entre outros pol\u00edticos.<\/p>\n\n\n\n<p>*AE<\/p>\n","protected":false},"excerpt":{"rendered":"<p>A presen\u00e7a do ex-presidente brasileiro&nbsp;Jair Bolsonaro&nbsp;(PL) chamou a aten\u00e7\u00e3o na posse de&nbsp;Javier Milei&nbsp;neste domingo (10). Embora n\u00e3o tenha mais cargo de chefe de Estado, o brasileiro se sentou ao lado de l\u00edderes em exerc\u00edcio da Am\u00e9rica Latina e da Europa, enquanto Milei fazia seu primeiro discurso. O ex-presidente foi ainda presen\u00e7a constante na TV argentina [&hellip;]<\/p>\n","protected":false},"author":2,"featured_media":17915,"comment_status":"open","ping_status":"open","sticky":false,"template":"","format":"standard","meta":[],"categories":[4],"tags":[],"_links":{"self":[{"href":"https:\/\/dgospel.com.br\/portal\/index.php\/wp-json\/wp\/v2\/posts\/17914"}],"collection":[{"href":"https:\/\/dgospel.com.br\/portal\/index.php\/wp-json\/wp\/v2\/posts"}],"about":[{"href":"https:\/\/dgospel.com.br\/portal\/index.php\/wp-json\/wp\/v2\/types\/post"}],"author":[{"embeddable":true,"href":"https:\/\/dgospel.com.br\/portal\/index.php\/wp-json\/wp\/v2\/users\/2"}],"replies":[{"embeddable":true,"href":"https:\/\/dgospel.com.br\/portal\/index.php\/wp-json\/wp\/v2\/comments?post=17914"}],"version-history":[{"count":1,"href":"https:\/\/dgospel.com.br\/portal\/index.php\/wp-json\/wp\/v2\/posts\/17914\/revisions"}],"predecessor-version":[{"id":17916,"href":"https:\/\/dgospel.com.br\/portal\/index.php\/wp-json\/wp\/v2\/posts\/17914\/revisions\/17916"}],"wp:featuredmedia":[{"embeddable":true,"href":"https:\/\/dgospel.com.br\/portal\/index.php\/wp-json\/wp\/v2\/media\/17915"}],"wp:attachment":[{"href":"https:\/\/dgospel.com.br\/portal\/index.php\/wp-json\/wp\/v2\/media?parent=17914"}],"wp:term":[{"taxonomy":"category","embeddable":true,"href":"https:\/\/dgospel.com.br\/portal\/index.php\/wp-json\/wp\/v2\/categories?post=17914"},{"taxonomy":"post_tag","embeddable":true,"href":"https:\/\/dgospel.com.br\/portal\/index.php\/wp-json\/wp\/v2\/tags?post=17914"}],"curies":[{"name":"wp","href":"https:\/\/api.w.org\/{rel}","templated":true}]}}