{"id":17917,"date":"2023-12-11T11:36:14","date_gmt":"2023-12-11T14:36:14","guid":{"rendered":"http:\/\/dgospel.com.br\/portal\/?p=17917"},"modified":"2023-12-11T11:36:15","modified_gmt":"2023-12-11T14:36:15","slug":"lula-tenta-aproximacao-com-evangelicos-gente-de-bem","status":"publish","type":"post","link":"https:\/\/dgospel.com.br\/portal\/index.php\/2023\/12\/11\/lula-tenta-aproximacao-com-evangelicos-gente-de-bem\/","title":{"rendered":"Lula tenta aproxima\u00e7\u00e3o com evang\u00e9licos: \u201cGente de bem\u201d"},"content":{"rendered":"\n<p>Em evento do Partido dos Trabalhadores (PT) sobre as pr\u00f3ximas elei\u00e7\u00f5es municipais, o presidente Luiz In\u00e1cio Lula da Silva (PT) chamou os evang\u00e9licos de \u201cgente de bem\u201d e defendeu uma aproxima\u00e7\u00e3o de sua legenda com os crist\u00e3os. Ele ainda questionou se os representantes da sigla est\u00e3o falando \u201co que o povo quer ouvir\u201d e reclamou de o PT ter conseguido eleger \u201cs\u00f3\u201d 70 deputados no pleito passado.<\/p>\n\n\n\n<p>\u2013 N\u00f3s temos que nos perguntar por que que um partido que, muitas vezes no discurso pensa que tem toda a verdade do planeta, s\u00f3 conseguiu eleger 70 deputados? Por que t\u00e3o pouco se a gente \u00e9 t\u00e3o bom? Por que t\u00e3o pouco se a gente acha que a gente poderia ter muito mais? \u00c9 preciso que a gente tente encontrar resposta dentro de n\u00f3s. Ser\u00e1 que n\u00f3s estamos falando aquilo que o povo quer ouvir de n\u00f3s? Ser\u00e1 que n\u00f3s estamos tendo compet\u00eancia para convencer o povo das nossas verdades? \u2013 declarou, segundo informa\u00e7\u00f5es do portal G1.<\/p>\n\n\n\n<p>Na sequ\u00eancia, Lula classificou os evang\u00e9licos como \u201cgente trabalhadora, gente de bem, gente que muitas vezes agradece \u00e0 igreja por ter tirado o marido da cacha\u00e7a para cuidar da fam\u00edlia\u201d. Tamb\u00e9m se referiu aos empres\u00e1rios, outro dos segmentos eleitorais resistentes ao PT, questionando como a sigla ia fazer para conseguir votos dos pequenos empreendedores.<\/p>\n\n\n\n<p>Lula ainda previu que a pr\u00f3xima elei\u00e7\u00e3o ser\u00e1 \u201coutra vez Lula e Bolsonaro\u201d a n\u00edvel municipal e prometeu ser um \u201cbom cabo eleitoral\u201d.<\/p>\n\n\n\n<p>\u2013 Eu prometo ser um bom cabo eleitoral fazendo as coisas corretas para voc\u00eas sentirem orgulho daquilo que est\u00e1 acontecendo no Brasil. A gente n\u00e3o vai falhar, a gente n\u00e3o vai errar \u2013 prometeu.<\/p>\n","protected":false},"excerpt":{"rendered":"<p>Em evento do Partido dos Trabalhadores (PT) sobre as pr\u00f3ximas elei\u00e7\u00f5es municipais, o presidente Luiz In\u00e1cio Lula da Silva (PT) chamou os evang\u00e9licos de \u201cgente de bem\u201d e defendeu uma aproxima\u00e7\u00e3o de sua legenda com os crist\u00e3os. Ele ainda questionou se os representantes da sigla est\u00e3o falando \u201co que o povo quer ouvir\u201d e reclamou [&hellip;]<\/p>\n","protected":false},"author":2,"featured_media":17918,"comment_status":"open","ping_status":"open","sticky":false,"template":"","format":"standard","meta":[],"categories":[4],"tags":[],"_links":{"self":[{"href":"https:\/\/dgospel.com.br\/portal\/index.php\/wp-json\/wp\/v2\/posts\/17917"}],"collection":[{"href":"https:\/\/dgospel.com.br\/portal\/index.php\/wp-json\/wp\/v2\/posts"}],"about":[{"href":"https:\/\/dgospel.com.br\/portal\/index.php\/wp-json\/wp\/v2\/types\/post"}],"author":[{"embeddable":true,"href":"https:\/\/dgospel.com.br\/portal\/index.php\/wp-json\/wp\/v2\/users\/2"}],"replies":[{"embeddable":true,"href":"https:\/\/dgospel.com.br\/portal\/index.php\/wp-json\/wp\/v2\/comments?post=17917"}],"version-history":[{"count":1,"href":"https:\/\/dgospel.com.br\/portal\/index.php\/wp-json\/wp\/v2\/posts\/17917\/revisions"}],"predecessor-version":[{"id":17919,"href":"https:\/\/dgospel.com.br\/portal\/index.php\/wp-json\/wp\/v2\/posts\/17917\/revisions\/17919"}],"wp:featuredmedia":[{"embeddable":true,"href":"https:\/\/dgospel.com.br\/portal\/index.php\/wp-json\/wp\/v2\/media\/17918"}],"wp:attachment":[{"href":"https:\/\/dgospel.com.br\/portal\/index.php\/wp-json\/wp\/v2\/media?parent=17917"}],"wp:term":[{"taxonomy":"category","embeddable":true,"href":"https:\/\/dgospel.com.br\/portal\/index.php\/wp-json\/wp\/v2\/categories?post=17917"},{"taxonomy":"post_tag","embeddable":true,"href":"https:\/\/dgospel.com.br\/portal\/index.php\/wp-json\/wp\/v2\/tags?post=17917"}],"curies":[{"name":"wp","href":"https:\/\/api.w.org\/{rel}","templated":true}]}}