{"id":1792,"date":"2018-11-08T09:54:55","date_gmt":"2018-11-08T11:54:55","guid":{"rendered":"http:\/\/dgospel.com.br\/portal\/?p=1792"},"modified":"2018-11-08T09:54:55","modified_gmt":"2018-11-08T11:54:55","slug":"sine-de-palmas-tera-atendimento-exclusivo-para-pessoas-com-deficiencia","status":"publish","type":"post","link":"https:\/\/dgospel.com.br\/portal\/index.php\/2018\/11\/08\/sine-de-palmas-tera-atendimento-exclusivo-para-pessoas-com-deficiencia\/","title":{"rendered":"Sine de Palmas ter\u00e1 atendimento exclusivo para pessoas com defici\u00eancia"},"content":{"rendered":"<p>O Sistema Nacional de Emprego (Sine), Unidade de Palmas\/Centro, atende exclusivamente Pessoas com Defici\u00eancia (PCD) e reabilitados do Instituto Nacional do Seguro Social (INSS), nesta quinta-feira, 8. O \u00f3rg\u00e3o e o Minist\u00e9rio do Trabalho e Emprego (MTE) realizam o Dia D &#8211; Dia Nacional de Inclus\u00e3o Social e Profissional das Pessoas com Defici\u00eancia e dos benefici\u00e1rios reabilitados do INSS, das\u00a08 \u00e0s 14 horas. Nos demais Sines estaduais, o atendimento ser\u00e1 normal com foco na conscientiza\u00e7\u00e3o.<\/p>\n<p>O diretor do Trabalho, Jos\u00e9 Alberto, afirma que o Sine n\u00e3o mede esfor\u00e7os para a sensibiliza\u00e7\u00e3o dos empres\u00e1rios e que \u201cas a\u00e7\u00f5es do dia D s\u00e3o voltadas para o di\u00e1logo com as empresas, para fazer a aproxima\u00e7\u00e3o e colaborar com as metas que as empresas precisam cumprir, al\u00e9m de inserir o maior n\u00famero de Pessoas com Defici\u00eancia no mercado de trabalho\u201d, explica.<\/p>\n<p>Em Palmas, a rede de Supermercados BIG conta atualmente com 15 trabalhadores com defici\u00eancia em seu quadro funcional. \u201cPrecisamos valorizar os bons profissionais, nossos funcion\u00e1rios PCD atuam em nossa escala como qualquer outro, sempre sendo respeitadas suas limita\u00e7\u00f5es\u201d, disse o gerente do RH, Carlos Eduardo Campos.<\/p>\n<p>A funcion\u00e1ria Antonina Coelho de Arruda, de 44 anos, em 2014, precisou passar por um procedimento cir\u00fargico de alta complexidade e ficou com algumas limita\u00e7\u00f5es, como carregar peso. Impedida de trabalhar por cerca de dois anos, era pensionista do INSS e, por meio da reabilita\u00e7\u00e3o na Institui\u00e7\u00e3o, em 2016 ficou sabendo do Dia D, participou e foi selecionada como assistente de padaria. \u201cO servi\u00e7o n\u00e3o exige al\u00e9m do que posso fazer e sinto-me feliz por ter esse trabalho; ter algumas responsabilidades me auxilia na supera\u00e7\u00e3o de algumas sequelas\u201d, relata.<\/p>\n<p>J\u00e1 Roselbert Gomes de Miranda, de 46 anos, tem problemas de audi\u00e7\u00e3o desde a inf\u00e2ncia, o que dificulta sua fala e obviamente sua comunica\u00e7\u00e3o. Isso atrapalha a execu\u00e7\u00e3o de algumas tarefas, no entanto, ele sempre trabalhou. H\u00e1 oito meses como fiscal de preven\u00e7\u00e3o de perdas no Supermercados BIG, ele disse que desenvolve seu trabalho sem dificuldade, mas que, no in\u00edcio, foi mesmo um pouco complicado. \u201cTenho esposa e seis filhos, esse trabalho \u00e9 importante para nosso sustento e nossa autonomia, preciso superar essas limita\u00e7\u00f5es\u201d, explica.<\/p>\n<p>A a\u00e7\u00e3o \u00e9 promovida pela Secretaria de Estado do Trabalho e Desenvolvimento Social (Setas), em parceria com o Minist\u00e9rio do Trabalho e Emprego (MTE), e visa aproximar essa parcela da popula\u00e7\u00e3o que est\u00e1 em busca de trabalho e os empregadores, obrigados ou n\u00e3o a atender a Lei de Cotas. O Sine Centro fica localizado na Quadra 104 Sul, ACSE-1, Conj 03, SE 03, Lt 25 (pr\u00f3ximo ao Camel\u00f3dromo).<\/p>\n","protected":false},"excerpt":{"rendered":"<p>O Sistema Nacional de Emprego (Sine), Unidade de Palmas\/Centro, atende exclusivamente Pessoas com Defici\u00eancia (PCD) e reabilitados do Instituto Nacional do Seguro Social (INSS), nesta quinta-feira, 8. O \u00f3rg\u00e3o e o Minist\u00e9rio do Trabalho e Emprego (MTE) realizam o Dia D &#8211; Dia Nacional de Inclus\u00e3o Social e Profissional das Pessoas com Defici\u00eancia e dos [&hellip;]<\/p>\n","protected":false},"author":2,"featured_media":1793,"comment_status":"open","ping_status":"open","sticky":false,"template":"","format":"standard","meta":[],"categories":[2,3],"tags":[],"_links":{"self":[{"href":"https:\/\/dgospel.com.br\/portal\/index.php\/wp-json\/wp\/v2\/posts\/1792"}],"collection":[{"href":"https:\/\/dgospel.com.br\/portal\/index.php\/wp-json\/wp\/v2\/posts"}],"about":[{"href":"https:\/\/dgospel.com.br\/portal\/index.php\/wp-json\/wp\/v2\/types\/post"}],"author":[{"embeddable":true,"href":"https:\/\/dgospel.com.br\/portal\/index.php\/wp-json\/wp\/v2\/users\/2"}],"replies":[{"embeddable":true,"href":"https:\/\/dgospel.com.br\/portal\/index.php\/wp-json\/wp\/v2\/comments?post=1792"}],"version-history":[{"count":1,"href":"https:\/\/dgospel.com.br\/portal\/index.php\/wp-json\/wp\/v2\/posts\/1792\/revisions"}],"predecessor-version":[{"id":1794,"href":"https:\/\/dgospel.com.br\/portal\/index.php\/wp-json\/wp\/v2\/posts\/1792\/revisions\/1794"}],"wp:featuredmedia":[{"embeddable":true,"href":"https:\/\/dgospel.com.br\/portal\/index.php\/wp-json\/wp\/v2\/media\/1793"}],"wp:attachment":[{"href":"https:\/\/dgospel.com.br\/portal\/index.php\/wp-json\/wp\/v2\/media?parent=1792"}],"wp:term":[{"taxonomy":"category","embeddable":true,"href":"https:\/\/dgospel.com.br\/portal\/index.php\/wp-json\/wp\/v2\/categories?post=1792"},{"taxonomy":"post_tag","embeddable":true,"href":"https:\/\/dgospel.com.br\/portal\/index.php\/wp-json\/wp\/v2\/tags?post=1792"}],"curies":[{"name":"wp","href":"https:\/\/api.w.org\/{rel}","templated":true}]}}