{"id":17920,"date":"2023-12-11T11:39:36","date_gmt":"2023-12-11T14:39:36","guid":{"rendered":"http:\/\/dgospel.com.br\/portal\/?p=17920"},"modified":"2023-12-11T11:39:37","modified_gmt":"2023-12-11T14:39:37","slug":"patriotas-foram-as-ruas-contra-indicacao-de-flavio-dino-ao-stf-e-impeachment-de-moraes","status":"publish","type":"post","link":"https:\/\/dgospel.com.br\/portal\/index.php\/2023\/12\/11\/patriotas-foram-as-ruas-contra-indicacao-de-flavio-dino-ao-stf-e-impeachment-de-moraes\/","title":{"rendered":"Patriotas foram as ruas contra indica\u00e7\u00e3o de Flavio Dino ao STF e impeachment de Moraes"},"content":{"rendered":"\n<p>Em Bras\u00edlia, neste domingo (10), manifestantes realizaram um protesto contra a indica\u00e7\u00e3o do ministro da Justi\u00e7a, Fl\u00e1vio Dino, ao Supremo Tribunal Federal (STF). O ato, que tamb\u00e9m ocorreu em outros estados, incluindo S\u00e3o Paulo na Avenida Paulista, foi marcado por cr\u00edticas \u00e0 poss\u00edvel nomea\u00e7\u00e3o de Dino.<\/p>\n\n\n\n<p>O deputado federal Nikolas Ferreira (PL-MG) teve um papel ativo no protesto, citando os nomes dos senadores que apoiaram a indica\u00e7\u00e3o de Dino ao STF, como Renan Calheiros (MDB-AL). Cada men\u00e7\u00e3o a um senador favor\u00e1vel a Dino era recebida com vaias pelo p\u00fablico, enquanto aqueles que se opuseram ao ministro recebiam aplausos. Ferreira tamb\u00e9m criticou Dino, chamando-o de \u201ccovarde\u201d por sua aus\u00eancia em audi\u00eancias na C\u00e2mara dos Deputados.<\/p>\n\n\n\n<p>Os participantes tamb\u00e9m pediram o impeachment do ministro do STF Alexandre de Moraes. Palavras de ordem como \u201cFora, Lula\u201d e \u201cLula, ladr\u00e3o\u201d tamb\u00e9m ecoaram, com os manifestantes pedindo a sa\u00edda do presidente Lula. O deputado federal Gustavo Gayer (PL-GO) chegou a afirmar que o ato seria o in\u00edcio do processo de impeachment de Lula.<\/p>\n\n\n\n<p>Outro tema levantado foi a soltura dos presos do 8 de janeiro. Ferreira destacou a liberta\u00e7\u00e3o de membros do Comando Vermelho, contrastando com a situa\u00e7\u00e3o de outros detidos. Entre os presentes estava Edjane Cunha, vi\u00fava de Cleriston Pereira da Cunha, conhecido como Clez\u00e3o, que faleceu na Papuda em 20 de novembro. Jane discursou sobre a perda do marido, afirmando que \u201co sistema me deixou vi\u00fava e minhas filhas, \u00f3rf\u00e3s\u201d, ressaltando que Clez\u00e3o n\u00e3o era criminoso nem terrorista. Cleriston era r\u00e9u prim\u00e1rio e n\u00e3o tinha antecedentes criminais, mesmo com pedidos de soltura da Procuradoria-Geral da Rep\u00fablica (PGR). O protesto reflete as crescentes tens\u00f5es pol\u00edticas no Brasil e a polariza\u00e7\u00e3o em torno de figuras e institui\u00e7\u00f5es chave.<\/p>\n","protected":false},"excerpt":{"rendered":"<p>Em Bras\u00edlia, neste domingo (10), manifestantes realizaram um protesto contra a indica\u00e7\u00e3o do ministro da Justi\u00e7a, Fl\u00e1vio Dino, ao Supremo Tribunal Federal (STF). O ato, que tamb\u00e9m ocorreu em outros estados, incluindo S\u00e3o Paulo na Avenida Paulista, foi marcado por cr\u00edticas \u00e0 poss\u00edvel nomea\u00e7\u00e3o de Dino. O deputado federal Nikolas Ferreira (PL-MG) teve um papel [&hellip;]<\/p>\n","protected":false},"author":2,"featured_media":17921,"comment_status":"open","ping_status":"open","sticky":false,"template":"","format":"standard","meta":[],"categories":[10],"tags":[13],"_links":{"self":[{"href":"https:\/\/dgospel.com.br\/portal\/index.php\/wp-json\/wp\/v2\/posts\/17920"}],"collection":[{"href":"https:\/\/dgospel.com.br\/portal\/index.php\/wp-json\/wp\/v2\/posts"}],"about":[{"href":"https:\/\/dgospel.com.br\/portal\/index.php\/wp-json\/wp\/v2\/types\/post"}],"author":[{"embeddable":true,"href":"https:\/\/dgospel.com.br\/portal\/index.php\/wp-json\/wp\/v2\/users\/2"}],"replies":[{"embeddable":true,"href":"https:\/\/dgospel.com.br\/portal\/index.php\/wp-json\/wp\/v2\/comments?post=17920"}],"version-history":[{"count":1,"href":"https:\/\/dgospel.com.br\/portal\/index.php\/wp-json\/wp\/v2\/posts\/17920\/revisions"}],"predecessor-version":[{"id":17922,"href":"https:\/\/dgospel.com.br\/portal\/index.php\/wp-json\/wp\/v2\/posts\/17920\/revisions\/17922"}],"wp:featuredmedia":[{"embeddable":true,"href":"https:\/\/dgospel.com.br\/portal\/index.php\/wp-json\/wp\/v2\/media\/17921"}],"wp:attachment":[{"href":"https:\/\/dgospel.com.br\/portal\/index.php\/wp-json\/wp\/v2\/media?parent=17920"}],"wp:term":[{"taxonomy":"category","embeddable":true,"href":"https:\/\/dgospel.com.br\/portal\/index.php\/wp-json\/wp\/v2\/categories?post=17920"},{"taxonomy":"post_tag","embeddable":true,"href":"https:\/\/dgospel.com.br\/portal\/index.php\/wp-json\/wp\/v2\/tags?post=17920"}],"curies":[{"name":"wp","href":"https:\/\/api.w.org\/{rel}","templated":true}]}}