{"id":17944,"date":"2023-12-13T08:54:01","date_gmt":"2023-12-13T11:54:01","guid":{"rendered":"http:\/\/dgospel.com.br\/portal\/?p=17944"},"modified":"2023-12-13T08:54:03","modified_gmt":"2023-12-13T11:54:03","slug":"alerta-calor-dos-proximos-dias-sera-muito-acima-da-media","status":"publish","type":"post","link":"https:\/\/dgospel.com.br\/portal\/index.php\/2023\/12\/13\/alerta-calor-dos-proximos-dias-sera-muito-acima-da-media\/","title":{"rendered":"Alerta! Calor dos pr\u00f3ximos dias ser\u00e1 \u201cmuito acima da m\u00e9dia\u201d"},"content":{"rendered":"\n<p>Dezesseis estados brasileiros est\u00e3o sob alerta laranja de perigo para onda de calor, prevista para se iniciar na pr\u00f3xima quinta-feira (14), se estendendo at\u00e9 domingo (17). De acordo com dados divulgados pelo Instituto Nacional de Meteorologia (Inmet), o calor estar\u00e1 \u201cmuito acima da m\u00e9dia\u201d.<\/p>\n\n\n\n<p>A temperatura dever\u00e1 ultrapassar os 40\u00b0C em Mato Grosso do Sul, Goi\u00e1s, Distrito Federal, sul do Mato Grosso, norte de S\u00e3o Paulo, grande parte de Minas Gerais, sul do Tocantins e oeste da Bahia. Esses estados se enquadram no alerta vermelho.<\/p>\n\n\n\n<p>Quando a temperatura alcan\u00e7a cinco graus acima da m\u00e9dia por um per\u00edodo de mais de cinco dias, ocorre a famosa onda de calor. Ser\u00e1 a quinta onda consecutiva no Brasil em 2023. O fen\u00f4meno clim\u00e1tico j\u00e1 foi registrado em agosto, setembro, outubro e novembro.<\/p>\n\n\n\n<p>\u2013 A forma\u00e7\u00e3o da onda de calor \u00e9 um processo. Ela se forma aos poucos e se nenhum outro evento faz baixar a temperatura, como uma frente fria, o calor intenso ganha for\u00e7a e chegamos a esses n\u00edveis \u2013 disse F\u00e1bio Luengo, meteorologista da Climatempo, ao G1.<\/p>\n\n\n\n<p>Ainda de acordo com o instituto de meteorologia, o per\u00edodo de calor intenso desta vez poder\u00e1 ser mais curto quee os anteriores, como o de setembro, por exemplo.<\/p>\n","protected":false},"excerpt":{"rendered":"<p>Dezesseis estados brasileiros est\u00e3o sob alerta laranja de perigo para onda de calor, prevista para se iniciar na pr\u00f3xima quinta-feira (14), se estendendo at\u00e9 domingo (17). De acordo com dados divulgados pelo Instituto Nacional de Meteorologia (Inmet), o calor estar\u00e1 \u201cmuito acima da m\u00e9dia\u201d. A temperatura dever\u00e1 ultrapassar os 40\u00b0C em Mato Grosso do Sul, [&hellip;]<\/p>\n","protected":false},"author":2,"featured_media":17945,"comment_status":"open","ping_status":"open","sticky":false,"template":"","format":"standard","meta":[],"categories":[10],"tags":[],"_links":{"self":[{"href":"https:\/\/dgospel.com.br\/portal\/index.php\/wp-json\/wp\/v2\/posts\/17944"}],"collection":[{"href":"https:\/\/dgospel.com.br\/portal\/index.php\/wp-json\/wp\/v2\/posts"}],"about":[{"href":"https:\/\/dgospel.com.br\/portal\/index.php\/wp-json\/wp\/v2\/types\/post"}],"author":[{"embeddable":true,"href":"https:\/\/dgospel.com.br\/portal\/index.php\/wp-json\/wp\/v2\/users\/2"}],"replies":[{"embeddable":true,"href":"https:\/\/dgospel.com.br\/portal\/index.php\/wp-json\/wp\/v2\/comments?post=17944"}],"version-history":[{"count":1,"href":"https:\/\/dgospel.com.br\/portal\/index.php\/wp-json\/wp\/v2\/posts\/17944\/revisions"}],"predecessor-version":[{"id":17946,"href":"https:\/\/dgospel.com.br\/portal\/index.php\/wp-json\/wp\/v2\/posts\/17944\/revisions\/17946"}],"wp:featuredmedia":[{"embeddable":true,"href":"https:\/\/dgospel.com.br\/portal\/index.php\/wp-json\/wp\/v2\/media\/17945"}],"wp:attachment":[{"href":"https:\/\/dgospel.com.br\/portal\/index.php\/wp-json\/wp\/v2\/media?parent=17944"}],"wp:term":[{"taxonomy":"category","embeddable":true,"href":"https:\/\/dgospel.com.br\/portal\/index.php\/wp-json\/wp\/v2\/categories?post=17944"},{"taxonomy":"post_tag","embeddable":true,"href":"https:\/\/dgospel.com.br\/portal\/index.php\/wp-json\/wp\/v2\/tags?post=17944"}],"curies":[{"name":"wp","href":"https:\/\/api.w.org\/{rel}","templated":true}]}}