{"id":1795,"date":"2018-11-08T09:57:45","date_gmt":"2018-11-08T11:57:45","guid":{"rendered":"http:\/\/dgospel.com.br\/portal\/?p=1795"},"modified":"2018-11-08T09:57:45","modified_gmt":"2018-11-08T11:57:45","slug":"mauro-carlesse-debate-trabalho-da-policia-comunitaria-com-representantes-nacionais-e-internacionais","status":"publish","type":"post","link":"https:\/\/dgospel.com.br\/portal\/index.php\/2018\/11\/08\/mauro-carlesse-debate-trabalho-da-policia-comunitaria-com-representantes-nacionais-e-internacionais\/","title":{"rendered":"Mauro Carlesse debate trabalho da Pol\u00edcia Comunit\u00e1ria com representantes nacionais e internacionais"},"content":{"rendered":"<p>O governador do Tocantins, Mauro Carlesse, recebeu, nesta quarta-feira, 7, em seu Gabinete, no Pal\u00e1cio Araguaia, representantes de for\u00e7as de seguran\u00e7as do Tocantins, Bahia, Minas Gerais, e de representantes internacionais do Jap\u00e3o e do Chile, que participam do 2\u00b0 Semin\u00e1rio Internacional de Pol\u00edcia Comunit\u00e1ria do Estado do Tocantins, em Palmas. Durante a reuni\u00e3o, o chefe do Executivo conheceu com mais detalhes como funciona o programa de seguran\u00e7a preventiva promovido pelos profissionais de seguran\u00e7a p\u00fablica com a comunidade.<\/p>\n<p>\u201cO tema da seguran\u00e7a \u00e9 algo emergente e que precisa ser encarado com muita seriedade por todos n\u00f3s. Acredito que esse trabalho junto \u00e0 sociedade seja muito eficaz e que possibilitar\u00e1 garantir uma redu\u00e7\u00e3o nos \u00edndices de criminalidade no nosso Estado. Acredito tamb\u00e9m que \u00e9 necess\u00e1rio unirmos a esse projeto um trabalho de Governo voltado para a gera\u00e7\u00e3o de emprego e oportunidade\u201d, disse o governador.<\/p>\n<p>Mauro Carlesse destacou que pretende ainda acelerar o processo de industrializa\u00e7\u00e3o do Tocantins, qualificar a m\u00e3o de obra, al\u00e9m de reativar o programa\u00a0<em>Pioneiros Mirins<\/em>. \u201cH\u00e1 uma equipe dentro do Governo formatando como ser\u00e1 o novo Pioneiros Mirins. Esse \u00e9 um programa muito importante para agregar valor e tamb\u00e9m dar mais oportunidades para o nosso p\u00fablico infantojuvenil. Vamos conversar com a iniciativa privada para que ela tamb\u00e9m possa apoiar essa ideia\u201d, garantiu.<\/p>\n<p>Ao fim da reuni\u00e3o, o governador Mauro Carlesse entregou para o comandante da Pol\u00edcia Militar, coronel Jaizon Veras Barbosa, cinco ve\u00edculos que v\u00e3o servir como bases m\u00f3veis para atua\u00e7\u00e3o da PM junto \u00e0 comunidade no projeto.<\/p>\n<p>Participaram da reuni\u00e3o com o governador, o comandante da Pol\u00edcia Militar do Tocantins, coronel Jaizon Veras Barbosa; o subsecret\u00e1rio de Seguran\u00e7a P\u00fablica do Tocantins, Wlademir Costa Oliveira; al\u00e9m do secret\u00e1rio de Seguran\u00e7a da Embaixada Japonesa no Brasil, Kenichi Suzuki; do coordenador de projetos da Jica, Nobuyuki Kimura; do carabineiro do Chile, major Gonzalo Urbina; do comandante de Policiamento da Capital de Minas Gerais, coronel Anderson de Oliveira; e do coordenador de Pol\u00edcia Comunit\u00e1ria da Bahia, coronel Sebasti\u00e3o Lima.<\/p>\n<p><strong>Pol\u00edcia Comunit\u00e1ria<\/strong><\/p>\n<p>A Pol\u00edcia Comunit\u00e1ria \u00e9 uma filosofia e uma estrat\u00e9gia organizacional que proporciona uma parceria entre a popula\u00e7\u00e3o e a pol\u00edcia, baseada na premissa de que tanto a pol\u00edcia quanto a comunidade devem trabalhar juntas para identificar, priorizar e resolver problemas contempor\u00e2neos, como crimes, drogas, medos, desordens f\u00edsicas, morais e at\u00e9 mesmo a decad\u00eancia dos bairros, com o objetivo de melhorar a qualidade geral de vida na \u00e1rea.<\/p>\n<p>No Tocantins, o Programa de Pol\u00edcia Comunit\u00e1ria foi lan\u00e7ado em Palmas, em 19 de janeiro de 2001.\u00a0Desde 2002, os trabalhos de pol\u00edcia comunit\u00e1ria se expandiram no Estado, com a cria\u00e7\u00e3o de bases comunit\u00e1rias fixas e dos Conselhos Comunit\u00e1rios de Seguran\u00e7a em diversas cidades tocantinenses, com destaque para Aragua\u00edna, Palmas e Porto Nacional.<\/p>\n<p><strong>2\u00b0 Semin\u00e1rio<\/strong><\/p>\n<p>O 2\u00b0\u00a0Semin\u00e1rio Internacional de Pol\u00edcia Comunit\u00e1ria do Estado do Tocantins iniciar\u00e1 nesta quarta-feira, 7, \u00e0s 18h30, e seguir\u00e1 at\u00e9 amanh\u00e3, 8, no audit\u00f3rio do Pal\u00e1cio Araguaia e debater\u00e1 pr\u00e1ticas de aproxima\u00e7\u00e3o entre for\u00e7as de seguran\u00e7a p\u00fablica e comunidade com palestrantes do Jap\u00e3o, Chile e Brasil.<\/p>\n<p>Com uma parceria da Pol\u00edcia Militar e da Secretaria de Estado da\u00a0Seguran\u00e7a P\u00fablica, o evento visa proporcionar capacita\u00e7\u00e3o, orienta\u00e7\u00e3o e discuss\u00e3o sobre a tem\u00e1tica proposta com o foco na instiga\u00e7\u00e3o das pr\u00e1ticas e a\u00e7\u00f5es preventivas, al\u00e9m do est\u00edmulo a uma participa\u00e7\u00e3o social consolidada numa gest\u00e3o de parceria entre comunidade, for\u00e7as de seguran\u00e7a p\u00fablica e poder p\u00fablico municipal.<\/p>\n<p>O Semin\u00e1rio Internacional de Seguran\u00e7a P\u00fablica surgiu ap\u00f3s um Acordo de Coopera\u00e7\u00e3o T\u00e9cnica em 2015 entre o Estado do Tocantins, a Secretaria Nacional de Seguran\u00e7a P\u00fablica (Senasp) e a Japan Internacional Cooperation Agency (Jica), propondo difundir e aplicar a experi\u00eancia japonesa no policiamento comunit\u00e1rio tocantinense.<\/p>\n","protected":false},"excerpt":{"rendered":"<p>O governador do Tocantins, Mauro Carlesse, recebeu, nesta quarta-feira, 7, em seu Gabinete, no Pal\u00e1cio Araguaia, representantes de for\u00e7as de seguran\u00e7as do Tocantins, Bahia, Minas Gerais, e de representantes internacionais do Jap\u00e3o e do Chile, que participam do 2\u00b0 Semin\u00e1rio Internacional de Pol\u00edcia Comunit\u00e1ria do Estado do Tocantins, em Palmas. Durante a reuni\u00e3o, o chefe [&hellip;]<\/p>\n","protected":false},"author":2,"featured_media":1796,"comment_status":"open","ping_status":"open","sticky":false,"template":"","format":"standard","meta":[],"categories":[2,3],"tags":[],"_links":{"self":[{"href":"https:\/\/dgospel.com.br\/portal\/index.php\/wp-json\/wp\/v2\/posts\/1795"}],"collection":[{"href":"https:\/\/dgospel.com.br\/portal\/index.php\/wp-json\/wp\/v2\/posts"}],"about":[{"href":"https:\/\/dgospel.com.br\/portal\/index.php\/wp-json\/wp\/v2\/types\/post"}],"author":[{"embeddable":true,"href":"https:\/\/dgospel.com.br\/portal\/index.php\/wp-json\/wp\/v2\/users\/2"}],"replies":[{"embeddable":true,"href":"https:\/\/dgospel.com.br\/portal\/index.php\/wp-json\/wp\/v2\/comments?post=1795"}],"version-history":[{"count":1,"href":"https:\/\/dgospel.com.br\/portal\/index.php\/wp-json\/wp\/v2\/posts\/1795\/revisions"}],"predecessor-version":[{"id":1797,"href":"https:\/\/dgospel.com.br\/portal\/index.php\/wp-json\/wp\/v2\/posts\/1795\/revisions\/1797"}],"wp:featuredmedia":[{"embeddable":true,"href":"https:\/\/dgospel.com.br\/portal\/index.php\/wp-json\/wp\/v2\/media\/1796"}],"wp:attachment":[{"href":"https:\/\/dgospel.com.br\/portal\/index.php\/wp-json\/wp\/v2\/media?parent=1795"}],"wp:term":[{"taxonomy":"category","embeddable":true,"href":"https:\/\/dgospel.com.br\/portal\/index.php\/wp-json\/wp\/v2\/categories?post=1795"},{"taxonomy":"post_tag","embeddable":true,"href":"https:\/\/dgospel.com.br\/portal\/index.php\/wp-json\/wp\/v2\/tags?post=1795"}],"curies":[{"name":"wp","href":"https:\/\/api.w.org\/{rel}","templated":true}]}}