{"id":17963,"date":"2023-12-14T15:53:10","date_gmt":"2023-12-14T18:53:10","guid":{"rendered":"http:\/\/dgospel.com.br\/portal\/?p=17963"},"modified":"2023-12-14T15:53:11","modified_gmt":"2023-12-14T18:53:11","slug":"morre-parlamentar-turco-que-infartou-apos-dizer-que-israel-sofrera-a-ira-de-ala","status":"publish","type":"post","link":"https:\/\/dgospel.com.br\/portal\/index.php\/2023\/12\/14\/morre-parlamentar-turco-que-infartou-apos-dizer-que-israel-sofrera-a-ira-de-ala\/","title":{"rendered":"Morre parlamentar turco que infartou ap\u00f3s dizer que \u201cIsrael sofrer\u00e1 a ira de Al\u00e1\u201d"},"content":{"rendered":"\n<p>Na \u00faltima ter\u00e7a-feira (12), o&nbsp;<a href=\"https:\/\/guiame.com.br\/gospel\/israel\/ao-dizer-que-israel-sofrera-ira-de-ala-parlamentar-infarta-na-turquia.html\"><strong>parlamentar turco que infartou<\/strong><\/a>&nbsp;logo ap\u00f3s dizer que \u201cIsrael sofrer\u00e1 a ira de Al\u00e1\u201d, foi hospitalizado e estava em estado cr\u00edtico.<\/p>\n\n\n\n<p>Hasan Bitmez discursava contra os israelenses durante a Grande Assembleia Nacional da Turquia. Assim que ele disse sua \u00faltima frase, caiu no ch\u00e3o e foi socorrido pelos outros parlamentares.<\/p>\n\n\n\n<p>O pol\u00edtico morreu nesta quinta-feira, conforme not\u00edcias da Revista Oeste. Em seu \u00faltimo discurso, Hasan cobrava puni\u00e7\u00f5es mais severas contra judeus na guerra que est\u00e1 em curso no Oriente M\u00e9dio: \u201cIsrael, voc\u00ea n\u00e3o escapar\u00e1 da ira de Al\u00e1\u201d.\u00a0<\/p>\n\n\n\n<p>A sess\u00e3o da Assembleia foi transmitida ao vivo pela internet. Sabe-se que, ao cair, Hasan bateu a cabe\u00e7a nos degraus que ficam atr\u00e1s do p\u00falpito e desmaiou.<\/p>\n\n\n\n<p>O vice-presidente da Grande Assembleia, Gulizar Bi\u00e7er Karaca, encerrou imediatamente a sess\u00e3o. O parlamentar tinha 53 anos, era casado, tinha um filho e sofria de diabetes.<\/p>\n\n\n\n<p>Conforme a Reuters, ele era formado pela Universidade Al Azhar do Cairo e foi presidente do Centro de Investiga\u00e7\u00e3o da Uni\u00e3o Isl\u00e2mica e j\u00e1 tinha trabalhado para organiza\u00e7\u00f5es n\u00e3o-governamentais isl\u00e2micas.<\/p>\n","protected":false},"excerpt":{"rendered":"<p>Na \u00faltima ter\u00e7a-feira (12), o&nbsp;parlamentar turco que infartou&nbsp;logo ap\u00f3s dizer que \u201cIsrael sofrer\u00e1 a ira de Al\u00e1\u201d, foi hospitalizado e estava em estado cr\u00edtico. Hasan Bitmez discursava contra os israelenses durante a Grande Assembleia Nacional da Turquia. Assim que ele disse sua \u00faltima frase, caiu no ch\u00e3o e foi socorrido pelos outros parlamentares. O pol\u00edtico [&hellip;]<\/p>\n","protected":false},"author":2,"featured_media":17964,"comment_status":"open","ping_status":"open","sticky":false,"template":"","format":"standard","meta":[],"categories":[16],"tags":[],"_links":{"self":[{"href":"https:\/\/dgospel.com.br\/portal\/index.php\/wp-json\/wp\/v2\/posts\/17963"}],"collection":[{"href":"https:\/\/dgospel.com.br\/portal\/index.php\/wp-json\/wp\/v2\/posts"}],"about":[{"href":"https:\/\/dgospel.com.br\/portal\/index.php\/wp-json\/wp\/v2\/types\/post"}],"author":[{"embeddable":true,"href":"https:\/\/dgospel.com.br\/portal\/index.php\/wp-json\/wp\/v2\/users\/2"}],"replies":[{"embeddable":true,"href":"https:\/\/dgospel.com.br\/portal\/index.php\/wp-json\/wp\/v2\/comments?post=17963"}],"version-history":[{"count":1,"href":"https:\/\/dgospel.com.br\/portal\/index.php\/wp-json\/wp\/v2\/posts\/17963\/revisions"}],"predecessor-version":[{"id":17965,"href":"https:\/\/dgospel.com.br\/portal\/index.php\/wp-json\/wp\/v2\/posts\/17963\/revisions\/17965"}],"wp:featuredmedia":[{"embeddable":true,"href":"https:\/\/dgospel.com.br\/portal\/index.php\/wp-json\/wp\/v2\/media\/17964"}],"wp:attachment":[{"href":"https:\/\/dgospel.com.br\/portal\/index.php\/wp-json\/wp\/v2\/media?parent=17963"}],"wp:term":[{"taxonomy":"category","embeddable":true,"href":"https:\/\/dgospel.com.br\/portal\/index.php\/wp-json\/wp\/v2\/categories?post=17963"},{"taxonomy":"post_tag","embeddable":true,"href":"https:\/\/dgospel.com.br\/portal\/index.php\/wp-json\/wp\/v2\/tags?post=17963"}],"curies":[{"name":"wp","href":"https:\/\/api.w.org\/{rel}","templated":true}]}}