{"id":17972,"date":"2023-12-14T16:02:58","date_gmt":"2023-12-14T19:02:58","guid":{"rendered":"http:\/\/dgospel.com.br\/portal\/?p=17972"},"modified":"2023-12-14T16:03:00","modified_gmt":"2023-12-14T19:03:00","slug":"governo-do-tocantins-participa-da-semana-de-mobilizacao-nacional-para-doacao-de-medula-ossea","status":"publish","type":"post","link":"https:\/\/dgospel.com.br\/portal\/index.php\/2023\/12\/14\/governo-do-tocantins-participa-da-semana-de-mobilizacao-nacional-para-doacao-de-medula-ossea\/","title":{"rendered":"Governo do Tocantins participa da Semana de Mobiliza\u00e7\u00e3o Nacional para Doa\u00e7\u00e3o de Medula \u00d3ssea"},"content":{"rendered":"\n<p>Em todo o Brasil, de 14 a 21 de dezembro, \u00e9 celebrada a&nbsp;<em>Semana de Mobiliza\u00e7\u00e3o Nacional para Doa\u00e7\u00e3o de Medula \u00d3ssea<\/em>. A celebra\u00e7\u00e3o foi institu\u00edda em 2009 e tem a finalidade de incentivar a\u00e7\u00f5es para orienta\u00e7\u00e3o, esclarecimento e incentivo ao ato, que salva vidas. No Tocantins, a Secretaria de Estado da Sa\u00fade (SES-TO) chama a aten\u00e7\u00e3o da popula\u00e7\u00e3o para a realiza\u00e7\u00e3o do cadastro no Banco do Registro Nacional de Doadores de Medula \u00d3ssea (Redome). Todas as unidades da Hemorrede do Tocantins (Hemoto) s\u00e3o aptas para o servi\u00e7o de cadastramento e, no Estado, existem 58.470 doadores cadastrados e mais de 100 pacientes \u00e0 espera de um transplante de medula.<\/p>\n\n\n\n<p>Para intensificar as a\u00e7\u00f5es durante toda esta semana a Hemoto, ir\u00e1 realizar palestras educativas sobre o tema em escolas, empresas e institui\u00e7\u00f5es. &#8220;Estaremos trabalhando a tem\u00e1tica com os nossos parceiros, pois ainda existe muito estigma em rela\u00e7\u00e3o \u00e0 doa\u00e7\u00e3o de medula \u00f3ssea, por isso a import\u00e2ncia de levarmos as informa\u00e7\u00f5es corretas para a nossa popula\u00e7\u00e3o&#8221;, destacou a superintendente da Hemoto, Pollyana Gomes.<\/p>\n\n\n\n<p>A m\u00e9dica hematologista, respons\u00e1vel t\u00e9cnica da Hemoto, Juliana Touguinha Neves Martins, explicou que &#8220;as pessoas em tratamento de doen\u00e7as relacionadas com a fabrica\u00e7\u00e3o de c\u00e9lulas do sangue e com defici\u00eancias no sistema imunol\u00f3gico podem ter o transplante como \u00fanica esperan\u00e7a de cura&#8221;. A m\u00e9dica explicou ainda que &#8220;o cadastro no banco nacional \u00e9 muito importante, pois as chances de encontrar um doador compat\u00edvel entre n\u00e3o aparentados, ou seja, pessoas que n\u00e3o s\u00e3o da mesma fam\u00edlia, diminui muito sendo apenas de uma a cada 100 mil pessoas cadastradas&#8221;.<\/p>\n\n\n\n<p>Entre as hist\u00f3rias de pessoas que tiveram suas vidas salvas por meio da doa\u00e7\u00e3o est\u00e1 a do Wilton Manoel Miranda Mour\u00e3o, de 23 anos, diagnosticado com Anemia Apl\u00e1stica Grave (AAG), que \u00e9 uma doen\u00e7a caracterizada por redu\u00e7\u00e3o na produ\u00e7\u00e3o dos constituintes do sangue. &#8220;Aos 19 anos, fui diagnosticado com essa doen\u00e7a, ent\u00e3o comecei o meu tratamento no Hemocentro de Aragua\u00edna. No in\u00edcio, eu tinha que receber hem\u00e1cias e plaquetas, mas meu estado de sa\u00fade foi se agravando, ao ponto que eu tinha que ser transfundido de tr\u00eas em tr\u00eas dias, minha situa\u00e7\u00e3o era grave e eu precisava fazer um transplante de medula, mas ningu\u00e9m na minha fam\u00edlia era compat\u00edvel comigo. Foi a\u00ed que eu fui cadastrado no Banco Nacional e, gra\u00e7as a Deus, achei um doador 100% compat\u00edvel comigo&#8221;, contou.<\/p>\n\n\n\n<p>Wilton Manoel fez o transplante em 2021, em Ribeir\u00e3o Preto e, hoje, est\u00e1 totalmente curado. &#8220;Sou grato a Deus e a pessoa que decidiu fazer esse gesto que salvou minha vida, sempre falo para as pessoas da import\u00e2ncia da doa\u00e7\u00e3o, porque esse doador \u00e9 um her\u00f3i na vida de algu\u00e9m&#8221;, destacou.<\/p>\n\n\n\n<p><strong>Como ser doador<\/strong><\/p>\n\n\n\n<p>Para se tornar um doador de medula \u00f3ssea, \u00e9 necess\u00e1rio: Ter entre 18 e 35 anos de idade; apresentar documento oficial de identidade com foto; estar em bom estado geral de sa\u00fade; n\u00e3o ter doen\u00e7a infecciosa ou incapacitante; n\u00e3o apresentar doen\u00e7a neopl\u00e1sica (c\u00e2ncer), hematol\u00f3gica (do sangue) ou do sistema imunol\u00f3gico.<\/p>\n\n\n\n<p><strong>A doa\u00e7\u00e3o<\/strong><\/p>\n\n\n\n<p>Segundo o Redome, a doa\u00e7\u00e3o de medula \u00f3ssea pode ser feita de duas formas, pun\u00e7\u00e3o ou af\u00e9rese. A decis\u00e3o sobre o m\u00e9todo \u00e9 exclusiva dos m\u00e9dicos assistentes.<\/p>\n\n\n\n<p><strong>Pun\u00e7\u00e3o<\/strong><\/p>\n\n\n\n<p>Procedimento realizado sob anestesia em que a medula \u00f3ssea \u00e9 retirada do interior do osso da bacia, por meio de pun\u00e7\u00f5es. Requer interna\u00e7\u00e3o de 24 horas, podendo ocorrer dor no local da pun\u00e7\u00e3o, nos primeiros dias, que pode ser amenizada com uso de analg\u00e9sicos. O tempo de recupera\u00e7\u00e3o ocorre em torno de 15 dias.<\/p>\n\n\n\n<p><strong>Af\u00e9rese<\/strong><\/p>\n\n\n\n<p>M\u00e9todo em que o doador faz uso de uma medica\u00e7\u00e3o por cinco dias, com o objetivo de aumentar a produ\u00e7\u00e3o de c\u00e9lulas-tronco circulantes no seu sangue. Durante o uso desta subst\u00e2ncia, pode ocorrer dor \u00f3ssea e muscular, al\u00e9m de cefaleia. Ap\u00f3s esse per\u00edodo, a doa\u00e7\u00e3o \u00e9 realizada por meio de uma m\u00e1quina de af\u00e9rese, que colhe o sangue por meio de duas veias do doador, uma em cada bra\u00e7o, ou uma veia profunda, separa as c\u00e9lulas-tronco e devolve os componentes do sangue que n\u00e3o s\u00e3o necess\u00e1rios para o paciente. N\u00e3o h\u00e1 necessidade de interna\u00e7\u00e3o e anestesia. Poder\u00e3o ocorrer n\u00e1useas, dorm\u00eancias, sensa\u00e7\u00e3o de frio e hematoma no local do acesso.<\/p>\n\n\n\n<p><img src=\"https:\/\/central.to.gov.br\/image\/359258?w=670&amp;h=383\"><\/p>\n\n\n\n<p>Wilton Manoel fez o transplante em 2021, em Ribeir\u00e3o Preto e, hoje, est\u00e1 totalmente curado &#8211; Sa\u00fade\/Governo do Tocantins\u00a0<\/p>\n","protected":false},"excerpt":{"rendered":"<p>Em todo o Brasil, de 14 a 21 de dezembro, \u00e9 celebrada a&nbsp;Semana de Mobiliza\u00e7\u00e3o Nacional para Doa\u00e7\u00e3o de Medula \u00d3ssea. A celebra\u00e7\u00e3o foi institu\u00edda em 2009 e tem a finalidade de incentivar a\u00e7\u00f5es para orienta\u00e7\u00e3o, esclarecimento e incentivo ao ato, que salva vidas. No Tocantins, a Secretaria de Estado da Sa\u00fade (SES-TO) chama a [&hellip;]<\/p>\n","protected":false},"author":2,"featured_media":17973,"comment_status":"open","ping_status":"open","sticky":false,"template":"","format":"standard","meta":[],"categories":[3],"tags":[13],"_links":{"self":[{"href":"https:\/\/dgospel.com.br\/portal\/index.php\/wp-json\/wp\/v2\/posts\/17972"}],"collection":[{"href":"https:\/\/dgospel.com.br\/portal\/index.php\/wp-json\/wp\/v2\/posts"}],"about":[{"href":"https:\/\/dgospel.com.br\/portal\/index.php\/wp-json\/wp\/v2\/types\/post"}],"author":[{"embeddable":true,"href":"https:\/\/dgospel.com.br\/portal\/index.php\/wp-json\/wp\/v2\/users\/2"}],"replies":[{"embeddable":true,"href":"https:\/\/dgospel.com.br\/portal\/index.php\/wp-json\/wp\/v2\/comments?post=17972"}],"version-history":[{"count":1,"href":"https:\/\/dgospel.com.br\/portal\/index.php\/wp-json\/wp\/v2\/posts\/17972\/revisions"}],"predecessor-version":[{"id":17974,"href":"https:\/\/dgospel.com.br\/portal\/index.php\/wp-json\/wp\/v2\/posts\/17972\/revisions\/17974"}],"wp:featuredmedia":[{"embeddable":true,"href":"https:\/\/dgospel.com.br\/portal\/index.php\/wp-json\/wp\/v2\/media\/17973"}],"wp:attachment":[{"href":"https:\/\/dgospel.com.br\/portal\/index.php\/wp-json\/wp\/v2\/media?parent=17972"}],"wp:term":[{"taxonomy":"category","embeddable":true,"href":"https:\/\/dgospel.com.br\/portal\/index.php\/wp-json\/wp\/v2\/categories?post=17972"},{"taxonomy":"post_tag","embeddable":true,"href":"https:\/\/dgospel.com.br\/portal\/index.php\/wp-json\/wp\/v2\/tags?post=17972"}],"curies":[{"name":"wp","href":"https:\/\/api.w.org\/{rel}","templated":true}]}}