{"id":17978,"date":"2023-12-18T11:31:20","date_gmt":"2023-12-18T14:31:20","guid":{"rendered":"http:\/\/dgospel.com.br\/portal\/?p=17978"},"modified":"2023-12-18T11:31:21","modified_gmt":"2023-12-18T14:31:21","slug":"vaticano-aceita-possibilidade-de-abencoar-casais-homossexuais","status":"publish","type":"post","link":"https:\/\/dgospel.com.br\/portal\/index.php\/2023\/12\/18\/vaticano-aceita-possibilidade-de-abencoar-casais-homossexuais\/","title":{"rendered":"Vaticano aceita \u201cpossibilidade de aben\u00e7oar\u201d casais homossexuais"},"content":{"rendered":"\n<p>O&nbsp;<a href=\"http:\/\/pleno.news\/tag\/vaticano\" target=\"_blank\" rel=\"noreferrer noopener\">Vaticano<\/a>&nbsp;aceitou a \u201cpossibilidade de aben\u00e7oar\u201d casais \u201cem situa\u00e7\u00e3o irregular\u201d ou do mesmo sexo sem equipar\u00e1-los ao casamento, segundo um documento publicado nesta segunda-feira (18) pelo Dicast\u00e9rio para a Doutrina da F\u00e9.<\/p>\n\n\n\n<p>No texto, o prefeito dessa congrega\u00e7\u00e3o, o cardeal argentino V\u00edctor Manuel Fern\u00e1ndez, declarou que \u201cpode-se compreender a possibilidade de aben\u00e7oar casais em situa\u00e7\u00e3o irregular e casais do mesmo sexo, sem validar oficialmente o seu status ou alterar de alguma forma o ensinamento perene da Igreja sobre o matrim\u00f4nio\u201d.<\/p>\n\n\n\n<p>*EFE<\/p>\n","protected":false},"excerpt":{"rendered":"<p>O&nbsp;Vaticano&nbsp;aceitou a \u201cpossibilidade de aben\u00e7oar\u201d casais \u201cem situa\u00e7\u00e3o irregular\u201d ou do mesmo sexo sem equipar\u00e1-los ao casamento, segundo um documento publicado nesta segunda-feira (18) pelo Dicast\u00e9rio para a Doutrina da F\u00e9. No texto, o prefeito dessa congrega\u00e7\u00e3o, o cardeal argentino V\u00edctor Manuel Fern\u00e1ndez, declarou que \u201cpode-se compreender a possibilidade de aben\u00e7oar casais em situa\u00e7\u00e3o irregular [&hellip;]<\/p>\n","protected":false},"author":2,"featured_media":17979,"comment_status":"open","ping_status":"open","sticky":false,"template":"","format":"standard","meta":[],"categories":[10],"tags":[13],"_links":{"self":[{"href":"https:\/\/dgospel.com.br\/portal\/index.php\/wp-json\/wp\/v2\/posts\/17978"}],"collection":[{"href":"https:\/\/dgospel.com.br\/portal\/index.php\/wp-json\/wp\/v2\/posts"}],"about":[{"href":"https:\/\/dgospel.com.br\/portal\/index.php\/wp-json\/wp\/v2\/types\/post"}],"author":[{"embeddable":true,"href":"https:\/\/dgospel.com.br\/portal\/index.php\/wp-json\/wp\/v2\/users\/2"}],"replies":[{"embeddable":true,"href":"https:\/\/dgospel.com.br\/portal\/index.php\/wp-json\/wp\/v2\/comments?post=17978"}],"version-history":[{"count":1,"href":"https:\/\/dgospel.com.br\/portal\/index.php\/wp-json\/wp\/v2\/posts\/17978\/revisions"}],"predecessor-version":[{"id":17980,"href":"https:\/\/dgospel.com.br\/portal\/index.php\/wp-json\/wp\/v2\/posts\/17978\/revisions\/17980"}],"wp:featuredmedia":[{"embeddable":true,"href":"https:\/\/dgospel.com.br\/portal\/index.php\/wp-json\/wp\/v2\/media\/17979"}],"wp:attachment":[{"href":"https:\/\/dgospel.com.br\/portal\/index.php\/wp-json\/wp\/v2\/media?parent=17978"}],"wp:term":[{"taxonomy":"category","embeddable":true,"href":"https:\/\/dgospel.com.br\/portal\/index.php\/wp-json\/wp\/v2\/categories?post=17978"},{"taxonomy":"post_tag","embeddable":true,"href":"https:\/\/dgospel.com.br\/portal\/index.php\/wp-json\/wp\/v2\/tags?post=17978"}],"curies":[{"name":"wp","href":"https:\/\/api.w.org\/{rel}","templated":true}]}}