{"id":1798,"date":"2018-11-08T09:59:23","date_gmt":"2018-11-08T11:59:23","guid":{"rendered":"http:\/\/dgospel.com.br\/portal\/?p=1798"},"modified":"2018-11-08T09:59:23","modified_gmt":"2018-11-08T11:59:23","slug":"governador-mauro-carlesse-recebe-prefeito-laurez-moreira-e-discute-parcerias-para-gurupi","status":"publish","type":"post","link":"https:\/\/dgospel.com.br\/portal\/index.php\/2018\/11\/08\/governador-mauro-carlesse-recebe-prefeito-laurez-moreira-e-discute-parcerias-para-gurupi\/","title":{"rendered":"Governador Mauro Carlesse recebe prefeito Laurez Moreira e discute parcerias para Gurupi"},"content":{"rendered":"<p>O governador Mauro Carlesse recebeu, na manh\u00e3 desta quarta-feira, 7, o prefeito de Gurupi, Laurez Moreira. A reuni\u00e3o marcou um novo momento pol\u00edtico e, principalmente, poss\u00edveis parcerias entre o Governo do Estado e a Prefeitura local para atender demandas reprimidas ao longo dos anos no munic\u00edpio. Na oportunidade, Laurez convidou Mauro Carlesse a participar da programa\u00e7\u00e3o de anivers\u00e1rio dos 60 anos de emancipa\u00e7\u00e3o pol\u00edtica do munic\u00edpio, que ser\u00e1 realizada no per\u00edodo de 9 a 14 de novembro.<\/p>\n<p>O governador explicou que, com o fim das elei\u00e7\u00f5es, \u00e9 hora de colocar fim tamb\u00e9m \u00e0s diferen\u00e7as partid\u00e1rias e trabalhar em benef\u00edcio do povo do Estado. \u201cAcabou as elei\u00e7\u00f5es e com elas tamb\u00e9m as diferen\u00e7as entre partidos e eu falo para os nossos secret\u00e1rios que os 139 munic\u00edpios devem receber a mesma aten\u00e7\u00e3o e Gurupi \u00e9 a minha cidade e n\u00e3o pode ficar de fora dos grandes projetos. Vamos receber todos os prefeitos que venham procurar melhorias para suas localidades, \u00e9 isso que eu quero\u201d, ressaltou, lembrando o car\u00e1ter municipalista de sua gest\u00e3o.<\/p>\n<p>O prefeito gurupiense fez uma avalia\u00e7\u00e3o positiva da audi\u00eancia. \u201cO governador foi sens\u00edvel \u00e0s nossas proposituras. Temos que trabalhar em parceria e somar for\u00e7as para resolver os problemas que temos. O que a popula\u00e7\u00e3o quer \u00e9 infraestrutura, sa\u00fade, educa\u00e7\u00e3o e que as coisas melhorem para todos\u201d, pontuou o prefeito, destacando que o governador j\u00e1 confirmou presen\u00e7a nas comemora\u00e7\u00f5es de anivers\u00e1rio da cidade.<\/p>\n<p>Laurez Moreira revelou que foi ventilada a possibilidade de v\u00e1rias parcerias, a exemplo da constru\u00e7\u00e3o de um parque e um lago nas margens do c\u00f3rrego Pouso do Meio, a constru\u00e7\u00e3o de uma nova esta\u00e7\u00e3o rodovi\u00e1ria e o contorno oeste da cidade. Durante a visita\u00a0a Gurupi, o governador Mauro Carlesse dever\u00e1 participar do descerramento da placa de implanta\u00e7\u00e3o da Universidade Regional de Gurupi, da qual assinou o ato que transformou a institui\u00e7\u00e3o de ensino superior em universidade; e da assinatura da Ordem de Servi\u00e7o para reforma do Gin\u00e1sio de Esportes Idanizete de Paula. Recentemente, o Governo do Estado assinou a Ordem de Servi\u00e7o para reforma do Est\u00e1dio Gilberto Resende Filho (Resend\u00e3o).<\/p>\n","protected":false},"excerpt":{"rendered":"<p>O governador Mauro Carlesse recebeu, na manh\u00e3 desta quarta-feira, 7, o prefeito de Gurupi, Laurez Moreira. A reuni\u00e3o marcou um novo momento pol\u00edtico e, principalmente, poss\u00edveis parcerias entre o Governo do Estado e a Prefeitura local para atender demandas reprimidas ao longo dos anos no munic\u00edpio. Na oportunidade, Laurez convidou Mauro Carlesse a participar da [&hellip;]<\/p>\n","protected":false},"author":2,"featured_media":1799,"comment_status":"open","ping_status":"open","sticky":false,"template":"","format":"standard","meta":[],"categories":[2,4],"tags":[],"_links":{"self":[{"href":"https:\/\/dgospel.com.br\/portal\/index.php\/wp-json\/wp\/v2\/posts\/1798"}],"collection":[{"href":"https:\/\/dgospel.com.br\/portal\/index.php\/wp-json\/wp\/v2\/posts"}],"about":[{"href":"https:\/\/dgospel.com.br\/portal\/index.php\/wp-json\/wp\/v2\/types\/post"}],"author":[{"embeddable":true,"href":"https:\/\/dgospel.com.br\/portal\/index.php\/wp-json\/wp\/v2\/users\/2"}],"replies":[{"embeddable":true,"href":"https:\/\/dgospel.com.br\/portal\/index.php\/wp-json\/wp\/v2\/comments?post=1798"}],"version-history":[{"count":1,"href":"https:\/\/dgospel.com.br\/portal\/index.php\/wp-json\/wp\/v2\/posts\/1798\/revisions"}],"predecessor-version":[{"id":1800,"href":"https:\/\/dgospel.com.br\/portal\/index.php\/wp-json\/wp\/v2\/posts\/1798\/revisions\/1800"}],"wp:featuredmedia":[{"embeddable":true,"href":"https:\/\/dgospel.com.br\/portal\/index.php\/wp-json\/wp\/v2\/media\/1799"}],"wp:attachment":[{"href":"https:\/\/dgospel.com.br\/portal\/index.php\/wp-json\/wp\/v2\/media?parent=1798"}],"wp:term":[{"taxonomy":"category","embeddable":true,"href":"https:\/\/dgospel.com.br\/portal\/index.php\/wp-json\/wp\/v2\/categories?post=1798"},{"taxonomy":"post_tag","embeddable":true,"href":"https:\/\/dgospel.com.br\/portal\/index.php\/wp-json\/wp\/v2\/tags?post=1798"}],"curies":[{"name":"wp","href":"https:\/\/api.w.org\/{rel}","templated":true}]}}