{"id":17990,"date":"2023-12-20T11:03:45","date_gmt":"2023-12-20T14:03:45","guid":{"rendered":"http:\/\/dgospel.com.br\/portal\/?p=17990"},"modified":"2023-12-20T11:03:47","modified_gmt":"2023-12-20T14:03:47","slug":"governo-do-tocantins-vai-investir-mais-de-r-26-milhoes-em-modernizacao-tecnologica-de-escolas","status":"publish","type":"post","link":"https:\/\/dgospel.com.br\/portal\/index.php\/2023\/12\/20\/governo-do-tocantins-vai-investir-mais-de-r-26-milhoes-em-modernizacao-tecnologica-de-escolas\/","title":{"rendered":"Governo do Tocantins vai investir mais de R$ 26 milh\u00f5es em moderniza\u00e7\u00e3o tecnol\u00f3gica de escolas"},"content":{"rendered":"\n<p>O Governo do Tocantins vai investir R$ 26.835.732,00 na aquisi\u00e7\u00e3o de equipamentos para a rede estadual de ensino. Os recursos advindos do governo federal foram garantidos no or\u00e7amento da Uni\u00e3o 2023, por meio de emenda de bancada dos parlamentares federais do Tocantins. Esse valor, somado a recursos que j\u00e1 foram liberados ao longo de 2023, totalizam quase R$ 30 milh\u00f5es (R$ 29.532,732) em investimentos do governo federal na \u00e1rea da educa\u00e7\u00e3o, conquistados com o apoio dos deputados federais e senadores.<\/p>\n\n\n\n<p>O governador Wanderlei Barbosa comemorou os recursos, destacando que a gest\u00e3o est\u00e1 alinhada \u00e0 bancada federal na defini\u00e7\u00e3o das prioridades para os tocantinenses e isso tem gerado grandes resultados. &#8220;Esse investimento que faremos na nossa educa\u00e7\u00e3o, somado a diversos outros recursos federais que foram liberados este ano, especialmente na \u00e1rea da sa\u00fade, que j\u00e1 recebeu mais de R$ 100 milh\u00f5es, \u00e9 o resultado de um trabalho estrat\u00e9gico coerente, visando exclusivamente ao bem-estar dos tocantinenses, que estamos fazendo ao lado dos nossos deputados federais e senadores&#8221;, destacou.<\/p>\n\n\n\n<p>O secret\u00e1rio de Estado da Educa\u00e7\u00e3o do Tocantins, F\u00e1bio Vaz, esclareceu que os recursos ser\u00e3o aplicados principalmente na moderniza\u00e7\u00e3o tecnol\u00f3gica. &#8220;Este valor chegou em boa hora. Por meio dele, a Seduc ir\u00e1 adquirir cerca de 140 kits E<em>scola Conectada<\/em>, composto por notebook, tablet, impressora, nobreak e demais acess\u00f3rios. Esses kits atender\u00e3o demandas de diversas escolas de todo o estado, j\u00e1 em 2024. Agrade\u00e7o muito o comprometimento da bancada federal do Tocantins, que entende a necessidade e o quanto a educa\u00e7\u00e3o precisa estar como prioridade&#8221;, afirmou.&nbsp;<\/p>\n\n\n\n<p><strong>Recursos do governo federal em 2023<\/strong><\/p>\n\n\n\n<p>O setor da educa\u00e7\u00e3o foi o segundo que mais recebeu recursos do Or\u00e7amento da Uni\u00e3o 2023, por meio de emendas parlamentares. &#8220;\u00c9 um aporte financeiro significativo que ir\u00e1 colaborar diretamente no fortalecimento da educa\u00e7\u00e3o no Tocantins. E o investimento na educa\u00e7\u00e3o \u00e9 o meu compromisso permanente como parlamentar&#8221;, destacou a l\u00edder da bancada federal em Bras\u00edlia, senadora Professora Dorinha. O total de recursos para a educa\u00e7\u00e3o ficou atr\u00e1s apenas do total destinado ao setor da sa\u00fade, que chegou a mais de R$ 115 milh\u00f5es.&nbsp;<\/p>\n\n\n\n<p>Como resultado das estrat\u00e9gias de gest\u00e3o em \u00e2mbito nacional, a educa\u00e7\u00e3o tamb\u00e9m receber\u00e1 investimentos do Novo Programa de Acelera\u00e7\u00e3o do Crescimento&nbsp; (Novo PAC) para a realiza\u00e7\u00e3o de obras, entre elas: 55 creches e pr\u00e9-escolas, 59 escolas, 25 quadras e 5 amplia\u00e7\u00f5es. O secret\u00e1rio extraordin\u00e1rio de Representa\u00e7\u00e3o do Tocantins em Bras\u00edlia, Carlos Manzini J\u00fanior, destacou que a vis\u00e3o do governador Wanderlei Barbosa sobre as rela\u00e7\u00f5es institucionais proporcionam resultados expressivos para o Tocantins.<\/p>\n\n\n\n<p>&#8220;Com o envolvimento direto do governador Wanderlei Barbosa e do secretariado, apoiados pelos nossos senadores e pelos deputados federais, o Governo do Estado apresentou propostas de qualidade para praticamente todos os grandes programas do governo federal. Uma clara demonstra\u00e7\u00e3o de excel\u00eancia estrat\u00e9gica e articula\u00e7\u00e3o pol\u00edtica que coloca o Tocantins em evid\u00eancia nos minist\u00e9rios, gerando resultados como os que vimos aqui&#8221;, afirmou.<\/p>\n\n\n\n<p><img src=\"https:\/\/central.to.gov.br\/image\/360022?w=670&amp;h=383\"><\/p>\n\n\n\n<p>Entrega de computadores no Centro de Ensino M\u00e9dio Castelo Branco, em Aragua\u00edna &#8211; Adilvan Nogueira\/Governo do Tocantins\u00a0<\/p>\n\n\n\n<p><img src=\"https:\/\/central.to.gov.br\/image\/360020?w=670&amp;h=383\"><\/p>\n\n\n\n<p>Entrega de computadores na Escola Estadual de Piraqu\u00ea &#8211; Adilvan Nogueira\/Governo do Tocantins\u00a0<\/p>\n","protected":false},"excerpt":{"rendered":"<p>O Governo do Tocantins vai investir R$ 26.835.732,00 na aquisi\u00e7\u00e3o de equipamentos para a rede estadual de ensino. Os recursos advindos do governo federal foram garantidos no or\u00e7amento da Uni\u00e3o 2023, por meio de emenda de bancada dos parlamentares federais do Tocantins. Esse valor, somado a recursos que j\u00e1 foram liberados ao longo de 2023, [&hellip;]<\/p>\n","protected":false},"author":2,"featured_media":17991,"comment_status":"open","ping_status":"open","sticky":false,"template":"","format":"standard","meta":[],"categories":[3],"tags":[13],"_links":{"self":[{"href":"https:\/\/dgospel.com.br\/portal\/index.php\/wp-json\/wp\/v2\/posts\/17990"}],"collection":[{"href":"https:\/\/dgospel.com.br\/portal\/index.php\/wp-json\/wp\/v2\/posts"}],"about":[{"href":"https:\/\/dgospel.com.br\/portal\/index.php\/wp-json\/wp\/v2\/types\/post"}],"author":[{"embeddable":true,"href":"https:\/\/dgospel.com.br\/portal\/index.php\/wp-json\/wp\/v2\/users\/2"}],"replies":[{"embeddable":true,"href":"https:\/\/dgospel.com.br\/portal\/index.php\/wp-json\/wp\/v2\/comments?post=17990"}],"version-history":[{"count":1,"href":"https:\/\/dgospel.com.br\/portal\/index.php\/wp-json\/wp\/v2\/posts\/17990\/revisions"}],"predecessor-version":[{"id":17992,"href":"https:\/\/dgospel.com.br\/portal\/index.php\/wp-json\/wp\/v2\/posts\/17990\/revisions\/17992"}],"wp:featuredmedia":[{"embeddable":true,"href":"https:\/\/dgospel.com.br\/portal\/index.php\/wp-json\/wp\/v2\/media\/17991"}],"wp:attachment":[{"href":"https:\/\/dgospel.com.br\/portal\/index.php\/wp-json\/wp\/v2\/media?parent=17990"}],"wp:term":[{"taxonomy":"category","embeddable":true,"href":"https:\/\/dgospel.com.br\/portal\/index.php\/wp-json\/wp\/v2\/categories?post=17990"},{"taxonomy":"post_tag","embeddable":true,"href":"https:\/\/dgospel.com.br\/portal\/index.php\/wp-json\/wp\/v2\/tags?post=17990"}],"curies":[{"name":"wp","href":"https:\/\/api.w.org\/{rel}","templated":true}]}}