{"id":17993,"date":"2023-12-20T11:06:57","date_gmt":"2023-12-20T14:06:57","guid":{"rendered":"http:\/\/dgospel.com.br\/portal\/?p=17993"},"modified":"2023-12-20T11:06:59","modified_gmt":"2023-12-20T14:06:59","slug":"em-2023-governo-do-tocantins-intensifica-acoes-de-microcredito-e-impulsiona-o-empreendedorismo-no-estado","status":"publish","type":"post","link":"https:\/\/dgospel.com.br\/portal\/index.php\/2023\/12\/20\/em-2023-governo-do-tocantins-intensifica-acoes-de-microcredito-e-impulsiona-o-empreendedorismo-no-estado\/","title":{"rendered":"Em 2023, Governo do Tocantins intensifica a\u00e7\u00f5es de microcr\u00e9dito e impulsiona o empreendedorismo no estado"},"content":{"rendered":"\n<p>O Governo do Tocantins, por meio da Ag\u00eancia de Fomento, fechou o ano de 2023 com resultados positivos no que diz respeito ao incentivo ao empreendedorismo.&nbsp;Contabilizadas as a\u00e7\u00f5es do primeiro e do segundo semestre, a institui\u00e7\u00e3o tem apresentado avan\u00e7os e se tornou refer\u00eancia no microcr\u00e9dito, al\u00e9m de apresentar demonstrativos de resultados s\u00f3lidos e satisfat\u00f3rios.&nbsp;<\/p>\n\n\n\n<p>Para a presidente da institui\u00e7\u00e3o, Denise Rocha, disponibilizar cr\u00e9dito acess\u00edvel aos empreendedores do Tocantins estimula a economia e o desenvolvimento do Tocantins. \u201cN\u00f3s nos tornamos refer\u00eancia na concess\u00e3o do microcr\u00e9dito no Tocantins. Esse \u00e9 um marco importante, sem d\u00favidas. A Ag\u00eancia atende empreendedores que, na grande maioria das vezes, n\u00e3o s\u00e3o atendidos pelos bancos comerciais. Al\u00e9m disso, \u00e9 importante frisar o compromisso do governador Wanderlei Barbosa com a institui\u00e7\u00e3o, visto que, em raz\u00e3o dos aportes financeiros por parte do Estado, foi poss\u00edvel oferecer taxas equalizadas em 1,5% ao m\u00eas\u201d, pontua a gestora.&nbsp; &nbsp;&nbsp;<\/p>\n\n\n\n<p><strong>Fungetur<\/strong><\/p>\n\n\n\n<p>Ap\u00f3s gest\u00e3o do Governo do Tocantins, o Minist\u00e9rio do Turismo fez aporte de recursos na Ag\u00eancia de Fomento, visando fortalecer o turismo no Estado. Em janeiro, foi R$ 1,6 milh\u00e3o; em novembro, foram mais R$ 6,1 milh\u00f5es. O Fungetur \u00e9 um instrumento de pol\u00edtica p\u00fablica de incentivo a empreendimentos tur\u00edsticos, cuja cess\u00e3o de cr\u00e9dito tem a menor taxa de juros do mercado financeiro, aproximadamente 0,75% ao m\u00eas, considerando juros de 5% ao ano + varia\u00e7\u00e3o do \u00cdndice Nacional de Pre\u00e7os ao Consumidor (INPC). Aliado a isso, o prazo de at\u00e9 60 meses, com car\u00eancia de 12 meses, impulsionou a economia local e o crescimento econ\u00f4mico, al\u00e9m de promover a gera\u00e7\u00e3o de empregos. Logicamente, o aporte de novos recursos, por parte do Minist\u00e9rio do Turismo, foi significativo e demonstrou confian\u00e7a na institui\u00e7\u00e3o tocantinense, ou seja, avan\u00e7os e frutos da boa gest\u00e3o.<\/p>\n\n\n\n<p>\u00c9 fato not\u00f3rio que o Tocantins tem potencial para se tornar um dos maiores polos tur\u00edsticos do pa\u00eds, em raz\u00e3o da sua rica diversidade cultural, paisagens deslumbrantes, rios cristalinos, praias, cachoeiras, fauna e flora \u00fanicas, que s\u00e3o um verdadeiro tesouro. Esse potencial \u00e9 invej\u00e1vel, contudo, para que haja desenvolvimento sustent\u00e1vel da atividade tur\u00edstica, \u00e9 necess\u00e1rio que haja tamb\u00e9m investimentos e esse \u00e9 o papel do Fungetur, por meio da Ag\u00eancia de Fomento do Tocantins.<\/p>\n\n\n\n<p><strong>Fungetur Energia solar<\/strong><\/p>\n\n\n\n<p>Os recursos do Fungetur tamb\u00e9m foram aplicados no Tocantins em energia solar, desde que o empreendedor explorasse o ramo do turismo, como no caso de hot\u00e9is, pousadas, restaurantes, lanchonetes, bares, centro de eventos, entre outros. Da mesma maneira, era necess\u00e1rio que estivessem inscritos no&nbsp;Cadastro de Turismo do Minist\u00e9rio do Turismo (Cadastur).&nbsp;<\/p>\n\n\n\n<p>Al\u00e9m de fomentar o consumo de energia renov\u00e1vel, com baixo impacto ambiental, o lan\u00e7amento da linha de cr\u00e9dito teve o objetivo de facilitar a obten\u00e7\u00e3o dos recursos, bem como apoiar e incentivar a gera\u00e7\u00e3o de emprego e renda no segmento tur\u00edstico.<\/p>\n\n\n\n<p><strong>Participa\u00e7\u00e3o em Feiras<\/strong><\/p>\n\n\n\n<p>Durante o ano de 2023, a equipe da Ag\u00eancia de Fomento percorreu praticamente todo o territ\u00f3rio tocantinense. Foram apresentadas aos empreendedores, nos mais diversos eventos, as linhas de cr\u00e9dito dispon\u00edveis para a agricultura familiar e piscicultura; a inova\u00e7\u00e3o; o turismo e o capital de giro. A Fomento participou da Agrosudeste, em Almas; da Feira \u00c9poca, em Aragua\u00edna; da Agrotins, em Palmas; da Expompep, em Para\u00edso; da Expoagro, de Marian\u00f3polis; da ExpoMurici, em Muricil\u00e2ndia; e da Feira da Soja, em Campos Lindos.<\/p>\n\n\n\n<p>A Fomento tamb\u00e9m esteve presente na apresenta\u00e7\u00e3o das Linhas Finep, nas sedes do Sebrae em Aragua\u00edna e Gurupi; da Agrovale, em Lagoa da Confus\u00e3o; do Mutir\u00e3o do Cr\u00e9dito Rural, em Gurupi; do Dia T\u00e9cnico da Mandiocultura, em Brasil\u00e2ndia; do Subprograma Produtos da Terra, em S\u00edtio Novo; e da Fenesup em Taquaralto, Palmas.<\/p>\n\n\n\n<p>Al\u00e9m disso, as equipes de prospec\u00e7\u00e3o levaram a&nbsp;Caravana Fomento Presente&nbsp;at\u00e9 as&nbsp;cidades de Gurupi, Augustin\u00f3polis, Aparecida do Rio Negro, Aragua\u00edna, Praia Norte, Pedro Afonso, Guara\u00ed, Itacaj\u00e1, Nova Olinda, Colinas, Natividade, Aguiarn\u00f3polis, Baba\u00e7ul\u00e2ndia, Brasil\u00e2ndia, Rio dos Bois e Miranorte.<\/p>\n\n\n\n<p><strong>Campanhas tem\u00e1ticas e recupera\u00e7\u00e3o de cr\u00e9dito<\/strong><\/p>\n\n\n\n<p>No m\u00eas de maio, em prest\u00edgio ao Dia das M\u00e3es, foi lan\u00e7ada a campanha&nbsp;<em>Fomento Mulher<\/em>. Com oferta de at\u00e9 R$ 100 mil para serem amortizados em at\u00e9 60 meses, as m\u00e3es empreendedoras tiveram acesso ao cr\u00e9dito para investir em seus neg\u00f3cios e, por consequ\u00eancia, expandi-los. A car\u00eancia de at\u00e9 tr\u00eas meses foi mantida, como tamb\u00e9m a taxa equalizada de 1,5% ao m\u00eas para pagamentos em dia. Tudo isso s\u00f3 foi poss\u00edvel em raz\u00e3o do aporte de capital feito pelo Governo do Tocantins do Tocantins na Ag\u00eancia de Fomento. &nbsp;<\/p>\n\n\n\n<p>Em outubro deste ano, outra campanha nos mesmos moldes, o&nbsp;<em>Fomento Outubro Rosa&nbsp;<\/em>que, mais uma vez, prestigiou as mulheres empreendedoras. J\u00e1 em novembro, a campanha&nbsp;<em>Natal com estoque<\/em>, para valores at\u00e9 R$ 100 mil, prestigiou os comerciantes estabelecidos no Tocantins, permitindo que renovassem suas mercadorias para as vendas do per\u00edodo natalino, como tamb\u00e9m para quitar a gratifica\u00e7\u00e3o do 13\u00b0 sal\u00e1rio caso quisessem ou mesmo para investir nos seus neg\u00f3cios.<\/p>\n\n\n\n<p><strong>Concurso P\u00fablico<\/strong><\/p>\n\n\n\n<p>No m\u00eas de setembro, foi lan\u00e7ado o concurso p\u00fablico para contrata\u00e7\u00e3o de servidores para a Ag\u00eancia de Fomento. Em raz\u00e3o do expressivo crescimento da Ag\u00eancia de Fomento durante a gest\u00e3o do governador Wanderlei Barbosa e visando fortalecer, ainda mais, o quadro de servidores da institui\u00e7\u00e3o, o certame abriu inscri\u00e7\u00f5es para 48 vagas, sendo 12 para posse imediata e 36 para o cadastro de reserva, em cargos de n\u00edveis m\u00e9dio e superior. As provas foram aplicadas no dia 26 de novembro e o resultado foi divulgado em 14 de dezembro. Os candidatos aprovados ser\u00e3o chamados para a posse brevemente.<\/p>\n\n\n\n<p><img src=\"https:\/\/central.to.gov.br\/image\/360077?w=670&amp;h=383\"><\/p>\n\n\n\n<p>Presidente da Ag\u00eancia de Fomento, Denise Rocha, no lan\u00e7amento da taxa equalizada de 1,5% &#8211; Josy Karla\/Governo do Tocantins\u00a0<\/p>\n\n\n\n<p><img src=\"https:\/\/central.to.gov.br\/image\/360074?w=670&amp;h=383\"><\/p>\n\n\n\n<p>Ap\u00f3s gest\u00e3o do Governo do Tocantins, o Minist\u00e9rio do Turismo fez aporte de recursos na Ag\u00eancia de Fomento, visando fortalecer o turismo no Estado &#8211; Governo do Tocantins\u00a0<\/p>\n\n\n\n<p><img src=\"https:\/\/central.to.gov.br\/image\/360076?w=670&amp;h=383\"><\/p>\n\n\n\n<p>Ag\u00eancia de Fomento fechou o ano de 2023 com resultados positivos no incentivo ao empreendedorismo &#8211; Josy Karla\/Governo do Tocantins\u00a0<\/p>\n\n\n\n<p><img src=\"https:\/\/central.to.gov.br\/image\/360075?w=670&amp;h=383\"><\/p>\n\n\n\n<p>Atendimento na Ag\u00eancia de Fomento &#8211; Josy Karla\/Governo do Tocantins\u00a0<\/p>\n","protected":false},"excerpt":{"rendered":"<p>O Governo do Tocantins, por meio da Ag\u00eancia de Fomento, fechou o ano de 2023 com resultados positivos no que diz respeito ao incentivo ao empreendedorismo.&nbsp;Contabilizadas as a\u00e7\u00f5es do primeiro e do segundo semestre, a institui\u00e7\u00e3o tem apresentado avan\u00e7os e se tornou refer\u00eancia no microcr\u00e9dito, al\u00e9m de apresentar demonstrativos de resultados s\u00f3lidos e satisfat\u00f3rios.&nbsp; Para [&hellip;]<\/p>\n","protected":false},"author":2,"featured_media":17994,"comment_status":"open","ping_status":"open","sticky":false,"template":"","format":"standard","meta":[],"categories":[3],"tags":[13],"_links":{"self":[{"href":"https:\/\/dgospel.com.br\/portal\/index.php\/wp-json\/wp\/v2\/posts\/17993"}],"collection":[{"href":"https:\/\/dgospel.com.br\/portal\/index.php\/wp-json\/wp\/v2\/posts"}],"about":[{"href":"https:\/\/dgospel.com.br\/portal\/index.php\/wp-json\/wp\/v2\/types\/post"}],"author":[{"embeddable":true,"href":"https:\/\/dgospel.com.br\/portal\/index.php\/wp-json\/wp\/v2\/users\/2"}],"replies":[{"embeddable":true,"href":"https:\/\/dgospel.com.br\/portal\/index.php\/wp-json\/wp\/v2\/comments?post=17993"}],"version-history":[{"count":1,"href":"https:\/\/dgospel.com.br\/portal\/index.php\/wp-json\/wp\/v2\/posts\/17993\/revisions"}],"predecessor-version":[{"id":17995,"href":"https:\/\/dgospel.com.br\/portal\/index.php\/wp-json\/wp\/v2\/posts\/17993\/revisions\/17995"}],"wp:featuredmedia":[{"embeddable":true,"href":"https:\/\/dgospel.com.br\/portal\/index.php\/wp-json\/wp\/v2\/media\/17994"}],"wp:attachment":[{"href":"https:\/\/dgospel.com.br\/portal\/index.php\/wp-json\/wp\/v2\/media?parent=17993"}],"wp:term":[{"taxonomy":"category","embeddable":true,"href":"https:\/\/dgospel.com.br\/portal\/index.php\/wp-json\/wp\/v2\/categories?post=17993"},{"taxonomy":"post_tag","embeddable":true,"href":"https:\/\/dgospel.com.br\/portal\/index.php\/wp-json\/wp\/v2\/tags?post=17993"}],"curies":[{"name":"wp","href":"https:\/\/api.w.org\/{rel}","templated":true}]}}