{"id":17999,"date":"2023-12-20T18:25:21","date_gmt":"2023-12-20T21:25:21","guid":{"rendered":"http:\/\/dgospel.com.br\/portal\/?p=17999"},"modified":"2023-12-20T18:25:23","modified_gmt":"2023-12-20T21:25:23","slug":"tapa-do-amor-deputado-quaqua-pt-agride-messias-donato-republicanos","status":"publish","type":"post","link":"https:\/\/dgospel.com.br\/portal\/index.php\/2023\/12\/20\/tapa-do-amor-deputado-quaqua-pt-agride-messias-donato-republicanos\/","title":{"rendered":"\u201cTapa do amor\u201d: Deputado Quaqu\u00e1 (PT) agride Messias Donato (Republicanos)"},"content":{"rendered":"\n<p>Nesta quarta-feira (20), durante a sess\u00e3o de promulga\u00e7\u00e3o da Reforma Tribut\u00e1ria na C\u00e2mara dos Deputados, um incidente ocorreu entre Washington Quaqu\u00e1 (PT-RJ) e Messias Donato (Republicanos-ES). O desentendimento, capturado em v\u00eddeo e difundido nas redes sociais, mostra Quaqu\u00e1 proferindo uma ofensa homof\u00f3bica, referindo-se a Donato como \u201cviadinho\u201d, seguido de um tapa no rosto do deputado do Republicanos.<\/p>\n\n\n\n<p>A confus\u00e3o se deu momentos antes da entrada do presidente Lula no plen\u00e1rio, em meio a uma acirrada troca de palavras entre a base governista e a oposi\u00e7\u00e3o. Durante a discuss\u00e3o, Quaqu\u00e1 amea\u00e7ou levar o caso ao Conselho de \u00c9tica. A tens\u00e3o escalou quando Donato, inicialmente de costas e inaud\u00edvel no v\u00eddeo, \u00e9 confrontado verbalmente e fisicamente por Quaqu\u00e1.<\/p>\n\n\n\n<p>Ap\u00f3s o incidente, outros parlamentares intervieram para separar os envolvidos, ocorrendo pr\u00f3ximo \u00e0 tribuna das autoridades. Messias Nonato (Republicanos-BA) declarou sua inten\u00e7\u00e3o de registrar um boletim de ocorr\u00eancia contra Quaqu\u00e1 pelo tapa, enfatizando que o ato n\u00e3o permanecer\u00e1 sem consequ\u00eancias.<\/p>\n\n\n\n<p>Quaqu\u00e1, em sua conta no X, descreveu a agress\u00e3o como \u201co tapa do amor\u201d, uma refer\u00eancia \u00e0 campanha eleitoral de Lula contra Jair Bolsonaro. O epis\u00f3dio ocorreu em um contexto onde parlamentares da oposi\u00e7\u00e3o criticavam Lula com palavras de ordem.<\/p>\n\n\n\n<p><a href=\"https:\/\/www.instagram.com\/p\/C1FqK8YyBda\/\">https:\/\/www.instagram.com\/p\/C1FqK8YyBda\/<\/a><\/p>\n","protected":false},"excerpt":{"rendered":"<p>Nesta quarta-feira (20), durante a sess\u00e3o de promulga\u00e7\u00e3o da Reforma Tribut\u00e1ria na C\u00e2mara dos Deputados, um incidente ocorreu entre Washington Quaqu\u00e1 (PT-RJ) e Messias Donato (Republicanos-ES). O desentendimento, capturado em v\u00eddeo e difundido nas redes sociais, mostra Quaqu\u00e1 proferindo uma ofensa homof\u00f3bica, referindo-se a Donato como \u201cviadinho\u201d, seguido de um tapa no rosto do deputado [&hellip;]<\/p>\n","protected":false},"author":2,"featured_media":18000,"comment_status":"open","ping_status":"open","sticky":false,"template":"","format":"standard","meta":[],"categories":[4],"tags":[],"_links":{"self":[{"href":"https:\/\/dgospel.com.br\/portal\/index.php\/wp-json\/wp\/v2\/posts\/17999"}],"collection":[{"href":"https:\/\/dgospel.com.br\/portal\/index.php\/wp-json\/wp\/v2\/posts"}],"about":[{"href":"https:\/\/dgospel.com.br\/portal\/index.php\/wp-json\/wp\/v2\/types\/post"}],"author":[{"embeddable":true,"href":"https:\/\/dgospel.com.br\/portal\/index.php\/wp-json\/wp\/v2\/users\/2"}],"replies":[{"embeddable":true,"href":"https:\/\/dgospel.com.br\/portal\/index.php\/wp-json\/wp\/v2\/comments?post=17999"}],"version-history":[{"count":1,"href":"https:\/\/dgospel.com.br\/portal\/index.php\/wp-json\/wp\/v2\/posts\/17999\/revisions"}],"predecessor-version":[{"id":18001,"href":"https:\/\/dgospel.com.br\/portal\/index.php\/wp-json\/wp\/v2\/posts\/17999\/revisions\/18001"}],"wp:featuredmedia":[{"embeddable":true,"href":"https:\/\/dgospel.com.br\/portal\/index.php\/wp-json\/wp\/v2\/media\/18000"}],"wp:attachment":[{"href":"https:\/\/dgospel.com.br\/portal\/index.php\/wp-json\/wp\/v2\/media?parent=17999"}],"wp:term":[{"taxonomy":"category","embeddable":true,"href":"https:\/\/dgospel.com.br\/portal\/index.php\/wp-json\/wp\/v2\/categories?post=17999"},{"taxonomy":"post_tag","embeddable":true,"href":"https:\/\/dgospel.com.br\/portal\/index.php\/wp-json\/wp\/v2\/tags?post=17999"}],"curies":[{"name":"wp","href":"https:\/\/api.w.org\/{rel}","templated":true}]}}