{"id":18005,"date":"2023-12-20T18:38:43","date_gmt":"2023-12-20T21:38:43","guid":{"rendered":"http:\/\/dgospel.com.br\/portal\/?p=18005"},"modified":"2023-12-20T18:38:44","modified_gmt":"2023-12-20T21:38:44","slug":"lula-e-recebido-na-camara-aos-gritos-de-o-ladrao-chegou","status":"publish","type":"post","link":"https:\/\/dgospel.com.br\/portal\/index.php\/2023\/12\/20\/lula-e-recebido-na-camara-aos-gritos-de-o-ladrao-chegou\/","title":{"rendered":"Lula \u00e9 recebido na C\u00e2mara aos gritos de \u201co ladr\u00e3o chegou\u201d"},"content":{"rendered":"\n<p>O presidente Luiz In\u00e1cio Lula da Silva (PT) esteve na C\u00e2mara dos Deputados, nesta quarta-feira (20), para participar da promulga\u00e7\u00e3o da reforma tribut\u00e1ria pelo Congresso Nacional.<\/p>\n\n\n\n<p>Enquanto Lula chegava para se sentar \u00e0 mesa ao lado dos presidentes das Casas de Leis, senador Rodrigo Pacheco (PSD-MG) e deputado Arthur Lira (PP-AL), a oposi\u00e7\u00e3o e governistas gritavam palavras de ordem contra ou a favor do petista.<\/p>\n\n\n\n<p>De um lado, deputados de esquerda chamam Lula de \u201cguerreiro do povo brasileiro\u201d. Do outro lado, opositores entoavam can\u00e7\u00f5es como \u201co ladr\u00e3o chegou\u201d e \u201cLula ladr\u00e3o, seu lugar \u00e9 na pris\u00e3o\u201d.<\/p>\n\n\n\n<p>Ao notar os gritos dos cr\u00edticos, Lira chegou a fazer um sinal aos deputados da oposi\u00e7\u00e3o para que eles parassem de ofender o presidente da Rep\u00fablica.<\/p>\n\n\n\n<p><a href=\"https:\/\/www.instagram.com\/reel\/C1FlmA7yedR\/?utm_source=ig_embed&amp;ig_rid=87363b11-40c2-49f7-9e3a-e3875544bdbd\">https:\/\/www.instagram.com\/reel\/C1FlmA7yedR\/?utm_source=ig_embed&amp;ig_rid=87363b11-40c2-49f7-9e3a-e3875544bdbd<\/a><\/p>\n","protected":false},"excerpt":{"rendered":"<p>O presidente Luiz In\u00e1cio Lula da Silva (PT) esteve na C\u00e2mara dos Deputados, nesta quarta-feira (20), para participar da promulga\u00e7\u00e3o da reforma tribut\u00e1ria pelo Congresso Nacional. Enquanto Lula chegava para se sentar \u00e0 mesa ao lado dos presidentes das Casas de Leis, senador Rodrigo Pacheco (PSD-MG) e deputado Arthur Lira (PP-AL), a oposi\u00e7\u00e3o e governistas [&hellip;]<\/p>\n","protected":false},"author":2,"featured_media":18006,"comment_status":"open","ping_status":"open","sticky":false,"template":"","format":"standard","meta":[],"categories":[10],"tags":[],"_links":{"self":[{"href":"https:\/\/dgospel.com.br\/portal\/index.php\/wp-json\/wp\/v2\/posts\/18005"}],"collection":[{"href":"https:\/\/dgospel.com.br\/portal\/index.php\/wp-json\/wp\/v2\/posts"}],"about":[{"href":"https:\/\/dgospel.com.br\/portal\/index.php\/wp-json\/wp\/v2\/types\/post"}],"author":[{"embeddable":true,"href":"https:\/\/dgospel.com.br\/portal\/index.php\/wp-json\/wp\/v2\/users\/2"}],"replies":[{"embeddable":true,"href":"https:\/\/dgospel.com.br\/portal\/index.php\/wp-json\/wp\/v2\/comments?post=18005"}],"version-history":[{"count":1,"href":"https:\/\/dgospel.com.br\/portal\/index.php\/wp-json\/wp\/v2\/posts\/18005\/revisions"}],"predecessor-version":[{"id":18007,"href":"https:\/\/dgospel.com.br\/portal\/index.php\/wp-json\/wp\/v2\/posts\/18005\/revisions\/18007"}],"wp:featuredmedia":[{"embeddable":true,"href":"https:\/\/dgospel.com.br\/portal\/index.php\/wp-json\/wp\/v2\/media\/18006"}],"wp:attachment":[{"href":"https:\/\/dgospel.com.br\/portal\/index.php\/wp-json\/wp\/v2\/media?parent=18005"}],"wp:term":[{"taxonomy":"category","embeddable":true,"href":"https:\/\/dgospel.com.br\/portal\/index.php\/wp-json\/wp\/v2\/categories?post=18005"},{"taxonomy":"post_tag","embeddable":true,"href":"https:\/\/dgospel.com.br\/portal\/index.php\/wp-json\/wp\/v2\/tags?post=18005"}],"curies":[{"name":"wp","href":"https:\/\/api.w.org\/{rel}","templated":true}]}}