{"id":18008,"date":"2023-12-20T18:41:28","date_gmt":"2023-12-20T21:41:28","guid":{"rendered":"http:\/\/dgospel.com.br\/portal\/?p=18008"},"modified":"2023-12-20T18:41:30","modified_gmt":"2023-12-20T21:41:30","slug":"poderdata-aprovacao-do-governo-lula-cai-seis-pontos-em-um-ano","status":"publish","type":"post","link":"https:\/\/dgospel.com.br\/portal\/index.php\/2023\/12\/20\/poderdata-aprovacao-do-governo-lula-cai-seis-pontos-em-um-ano\/","title":{"rendered":"PoderData: Aprova\u00e7\u00e3o do governo Lula cai seis pontos em um ano"},"content":{"rendered":"\n<p>A aprova\u00e7\u00e3o ao governo do presidente&nbsp;<a href=\"http:\/\/pleno.news\/tag\/lula\" target=\"_blank\" rel=\"noreferrer noopener\">Luiz In\u00e1cio Lula da Silva<\/a>&nbsp;(PT) caiu seis pontos percentuais desde o in\u00edcio do atual mandato e chegou ao menor \u00edndice apurado, de acordo com o instituto de pesquisa PoderData. Em janeiro, a aprova\u00e7\u00e3o era de 52%, mas caiu para 46% na pesquisa realizada entre os dias 16 e 18 deste m\u00eas.<\/p>\n\n\n\n<p>Segundo o instituto, a taxa de desaprova\u00e7\u00e3o ao governo petista subiu cinco pontos, de 39% para 44%. Outros 10% disseram que n\u00e3o sabem. Este \u00e9 o quinto levantamento do instituto desde o in\u00edcio deste ano.<\/p>\n\n\n\n<p>Em compara\u00e7\u00e3o com os resultados do \u00faltimo levantamento, divulgado em setembro, a oscila\u00e7\u00e3o na aprova\u00e7\u00e3o de Lula foi de dois pontos percentuais para baixo, ficando dentro da margem de erro. No mesmo per\u00edodo, a desaprova\u00e7\u00e3o tamb\u00e9m oscilou um ponto percentual para baixo. No entanto, a varia\u00e7\u00e3o durante o ano mostra resultados desfavor\u00e1veis ao governo do petista.<\/p>\n\n\n\n<p>Foram feitas 2,5 mil entrevistas por telefone em 244 munic\u00edpios nas 27 unidades da federa\u00e7\u00e3o. De acordo com o PoderData, a margem de erro da pesquisa \u00e9 de dois pontos com intervalo de confian\u00e7a de 95%. O levantamento levou em considera\u00e7\u00e3o a propor\u00e7\u00e3o entre idade, sexo, renda, escolaridade e localiza\u00e7\u00e3o geogr\u00e1fica.<\/p>\n\n\n\n<p>De acordo com os dados do levantamento, o presidente Lula perdeu apoio entre grupos que garantiram a vantagem do petista sobre o ex-presidente&nbsp;<a href=\"http:\/\/pleno.news\/tag\/jair-bolsonaro\" target=\"_blank\" rel=\"noreferrer noopener\">Jair Bolsonaro<\/a>&nbsp;(PL) nas elei\u00e7\u00f5es de 2022. O \u00edndice de aprova\u00e7\u00e3o caiu entre as mulheres e os mais pobres, aqueles que recebem at\u00e9 dois sal\u00e1rios m\u00ednimos e os que est\u00e3o desempregados.<\/p>\n\n\n\n<p>O presidente tem a maior aprova\u00e7\u00e3o entre os jovens, que t\u00eam entre 16 e 24 anos, e os mais velhos, com 60 anos ou mais, com 55% e 56%, respectivamente. A menor aprova\u00e7\u00e3o est\u00e1 entre os que t\u00eam entre 25 e 44 anos.<\/p>\n\n\n\n<p>*AE<\/p>\n","protected":false},"excerpt":{"rendered":"<p>A aprova\u00e7\u00e3o ao governo do presidente&nbsp;Luiz In\u00e1cio Lula da Silva&nbsp;(PT) caiu seis pontos percentuais desde o in\u00edcio do atual mandato e chegou ao menor \u00edndice apurado, de acordo com o instituto de pesquisa PoderData. Em janeiro, a aprova\u00e7\u00e3o era de 52%, mas caiu para 46% na pesquisa realizada entre os dias 16 e 18 deste [&hellip;]<\/p>\n","protected":false},"author":2,"featured_media":18009,"comment_status":"open","ping_status":"open","sticky":false,"template":"","format":"standard","meta":[],"categories":[4],"tags":[],"_links":{"self":[{"href":"https:\/\/dgospel.com.br\/portal\/index.php\/wp-json\/wp\/v2\/posts\/18008"}],"collection":[{"href":"https:\/\/dgospel.com.br\/portal\/index.php\/wp-json\/wp\/v2\/posts"}],"about":[{"href":"https:\/\/dgospel.com.br\/portal\/index.php\/wp-json\/wp\/v2\/types\/post"}],"author":[{"embeddable":true,"href":"https:\/\/dgospel.com.br\/portal\/index.php\/wp-json\/wp\/v2\/users\/2"}],"replies":[{"embeddable":true,"href":"https:\/\/dgospel.com.br\/portal\/index.php\/wp-json\/wp\/v2\/comments?post=18008"}],"version-history":[{"count":1,"href":"https:\/\/dgospel.com.br\/portal\/index.php\/wp-json\/wp\/v2\/posts\/18008\/revisions"}],"predecessor-version":[{"id":18010,"href":"https:\/\/dgospel.com.br\/portal\/index.php\/wp-json\/wp\/v2\/posts\/18008\/revisions\/18010"}],"wp:featuredmedia":[{"embeddable":true,"href":"https:\/\/dgospel.com.br\/portal\/index.php\/wp-json\/wp\/v2\/media\/18009"}],"wp:attachment":[{"href":"https:\/\/dgospel.com.br\/portal\/index.php\/wp-json\/wp\/v2\/media?parent=18008"}],"wp:term":[{"taxonomy":"category","embeddable":true,"href":"https:\/\/dgospel.com.br\/portal\/index.php\/wp-json\/wp\/v2\/categories?post=18008"},{"taxonomy":"post_tag","embeddable":true,"href":"https:\/\/dgospel.com.br\/portal\/index.php\/wp-json\/wp\/v2\/tags?post=18008"}],"curies":[{"name":"wp","href":"https:\/\/api.w.org\/{rel}","templated":true}]}}