{"id":18022,"date":"2023-12-27T09:32:41","date_gmt":"2023-12-27T12:32:41","guid":{"rendered":"https:\/\/dgospel.com.br\/portal\/?p=18022"},"modified":"2023-12-27T09:32:43","modified_gmt":"2023-12-27T12:32:43","slug":"wanderlei-barbosa-comemora-crescimento-de-126-nas-vendas-do-comercio-tocantinense-estado-lidera-ranking-nacional","status":"publish","type":"post","link":"https:\/\/dgospel.com.br\/portal\/index.php\/2023\/12\/27\/wanderlei-barbosa-comemora-crescimento-de-126-nas-vendas-do-comercio-tocantinense-estado-lidera-ranking-nacional\/","title":{"rendered":"\u00a0Wanderlei Barbosa comemora crescimento de 12,6% nas vendas do com\u00e9rcio tocantinense; Estado lidera ranking nacional"},"content":{"rendered":"\n<p>O com\u00e9rcio tocantinense se destacou no cen\u00e1rio nacional por apresentar o maior crescimento, entre os meses de janeiro e outubro de 2023, em compara\u00e7\u00e3o com o mesmo per\u00edodo do ano passado. Os dados foram divulgados pela Pesquisa Mensal do Com\u00e9rcio (PMC), realizada pelo Instituto Brasileiro de Geografia e Estat\u00edstica (IBGE).<\/p>\n\n\n\n<p>De acordo com os resultados da pesquisa, o volume de vendas no com\u00e9rcio varejista experimentou um crescimento not\u00e1vel de 12,6% no per\u00edodo analisado. O Tocantins ficou 11 pontos percentuais acima da m\u00e9dia nacional, que foi de 1,6% de crescimento no mesmo per\u00edodo.<\/p>\n\n\n\n<p>J\u00e1 no com\u00e9rcio varejista ampliado &#8211; que inclui ve\u00edculos e materiais de constru\u00e7\u00e3o &#8211; o incremento nas vendas at\u00e9 outubro de 2023, em rela\u00e7\u00e3o ao igual per\u00edodo de 2022, foi de 5,5%. Em rela\u00e7\u00e3o aos \u00faltimos 12 meses, o aumento foi de 4,9% para este segmento.<\/p>\n\n\n\n<p>O governador do Tocantins, Wanderlei Barbosa, destaca que o desempenho expressivo \u00e9 resultado de investimentos realizados pelo Governo do Estado na melhoria do ambiente de neg\u00f3cios no Tocantins. \u201cEsse crescimento econ\u00f4mico se d\u00e1, tamb\u00e9m, com importantes a\u00e7\u00f5es do Governo, com investimentos na \u00e1rea de infraestrutura de escolas, hospitais, estradas e pontes. Todo esse recurso circulando cria um ambiente comercial favor\u00e1vel. Assim como o apoio \u00e0s agendas culturais e tur\u00edsticas, como as temporadas de praias e eventos culturais nas cidades, realizados com o apoio do Governo, provocam esse ambiente de neg\u00f3cios, permitindo que os pequenos comerciantes e empreendedores entrem nesse ciclo econ\u00f4mico que faz a economia crescer. E \u00e9 essa capacidade de investimentos, que ampliamos para 11% que est\u00e1 fazendo essa revolu\u00e7\u00e3o comercial\u201d, avalia o governador Wanderlei Barbosa.<\/p>\n\n\n\n<p>No acumulado dos \u00faltimos 12 meses, o com\u00e9rcio varejista tocantinense deu um salto positivo de 10%. Os dados finais do desempenho do com\u00e9rcio, ao longo de todo o ano, s\u00f3 ser\u00e3o divulgados em fevereiro pr\u00f3ximo, mas j\u00e1 \u00e9 poss\u00edvel antecipar que a consolida\u00e7\u00e3o dos dados de 2023 ser\u00e1 positiva para o Estado.<\/p>\n\n\n\n<p>&#8220;Ao longo de todo o ano, nos empenhamos em melhorar as condi\u00e7\u00f5es de neg\u00f3cios para os empreendedores de norte a sul do Estado, fazendo a economia girar e nos preocupando em descentralizar a atividade econ\u00f4mica e buscando fortalec\u00ea-la em todos os munic\u00edpios. O Programa de Impulsionamento da Ind\u00fastria, Com\u00e9rcio e Servi\u00e7os, lan\u00e7ado pelo governador Wanderlei Barbosa, contempla a\u00e7\u00f5es e metas de fortalecimento do com\u00e9rcio, dada sua import\u00e2ncia na economia tocantinense\u201d, ressalta o secret\u00e1rio de Estado da Ind\u00fastria, Com\u00e9rcio e Servi\u00e7os, Carlos Humberto Lima.<\/p>\n\n\n\n<p><strong>Pesquisa<\/strong><\/p>\n\n\n\n<p>A Pesquisa Mensal do Com\u00e9rcio fornece indicadores que monitoram o comportamento do com\u00e9rcio varejista no Brasil. Iniciada em 1995, a pesquisa analisa a receita bruta de revenda em empresas formalmente constitu\u00eddas, com 20 ou mais pessoas ocupadas, cuja atividade principal \u00e9 o com\u00e9rcio varejista. Os resultados mensais incluem varia\u00e7\u00f5es no volume e na receita nominal de vendas para o com\u00e9rcio varejista e varejista ampliado no Brasil e nas unidades da federa\u00e7\u00e3o. Os dados est\u00e3o dispon\u00edveis no Sidra (Banco de Tabelas Estat\u00edsticas) e a pr\u00f3xima divulga\u00e7\u00e3o est\u00e1 programada para o dia 17 de janeiro.<\/p>\n\n\n\n<p><img src=\"https:\/\/central.to.gov.br\/image\/360716?w=670&amp;h=383\"><\/p>\n\n\n\n<p>O secret\u00e1rio de Estado da Ind\u00fastria, Com\u00e9rcio e Servi\u00e7os, Carlos Humberto Lima, comemorou os resultados e destacou o Programa de Impulsionamento da Ind\u00fastria, Com\u00e9rcio e Servi\u00e7os , lan\u00e7ado pelo governador Wanderlei Barbosa, que contempla a\u00e7\u00f5es e metas de fortalecimento do com\u00e9rcio &#8211; Antonio Gon\u00e7alves\/Governo do Tocantins\u00a0<\/p>\n","protected":false},"excerpt":{"rendered":"<p>O com\u00e9rcio tocantinense se destacou no cen\u00e1rio nacional por apresentar o maior crescimento, entre os meses de janeiro e outubro de 2023, em compara\u00e7\u00e3o com o mesmo per\u00edodo do ano passado. Os dados foram divulgados pela Pesquisa Mensal do Com\u00e9rcio (PMC), realizada pelo Instituto Brasileiro de Geografia e Estat\u00edstica (IBGE). De acordo com os resultados [&hellip;]<\/p>\n","protected":false},"author":2,"featured_media":18023,"comment_status":"open","ping_status":"open","sticky":false,"template":"","format":"standard","meta":[],"categories":[3],"tags":[13],"_links":{"self":[{"href":"https:\/\/dgospel.com.br\/portal\/index.php\/wp-json\/wp\/v2\/posts\/18022"}],"collection":[{"href":"https:\/\/dgospel.com.br\/portal\/index.php\/wp-json\/wp\/v2\/posts"}],"about":[{"href":"https:\/\/dgospel.com.br\/portal\/index.php\/wp-json\/wp\/v2\/types\/post"}],"author":[{"embeddable":true,"href":"https:\/\/dgospel.com.br\/portal\/index.php\/wp-json\/wp\/v2\/users\/2"}],"replies":[{"embeddable":true,"href":"https:\/\/dgospel.com.br\/portal\/index.php\/wp-json\/wp\/v2\/comments?post=18022"}],"version-history":[{"count":1,"href":"https:\/\/dgospel.com.br\/portal\/index.php\/wp-json\/wp\/v2\/posts\/18022\/revisions"}],"predecessor-version":[{"id":18024,"href":"https:\/\/dgospel.com.br\/portal\/index.php\/wp-json\/wp\/v2\/posts\/18022\/revisions\/18024"}],"wp:featuredmedia":[{"embeddable":true,"href":"https:\/\/dgospel.com.br\/portal\/index.php\/wp-json\/wp\/v2\/media\/18023"}],"wp:attachment":[{"href":"https:\/\/dgospel.com.br\/portal\/index.php\/wp-json\/wp\/v2\/media?parent=18022"}],"wp:term":[{"taxonomy":"category","embeddable":true,"href":"https:\/\/dgospel.com.br\/portal\/index.php\/wp-json\/wp\/v2\/categories?post=18022"},{"taxonomy":"post_tag","embeddable":true,"href":"https:\/\/dgospel.com.br\/portal\/index.php\/wp-json\/wp\/v2\/tags?post=18022"}],"curies":[{"name":"wp","href":"https:\/\/api.w.org\/{rel}","templated":true}]}}