{"id":18025,"date":"2023-12-27T09:35:32","date_gmt":"2023-12-27T12:35:32","guid":{"rendered":"https:\/\/dgospel.com.br\/portal\/?p=18025"},"modified":"2023-12-27T09:35:33","modified_gmt":"2023-12-27T12:35:33","slug":"governo-do-tocantins-fecha-2023-implementando-progressoes-de-servidores-e-investindo-na-melhoria-de-programas-de-atendimento-ao-publico","status":"publish","type":"post","link":"https:\/\/dgospel.com.br\/portal\/index.php\/2023\/12\/27\/governo-do-tocantins-fecha-2023-implementando-progressoes-de-servidores-e-investindo-na-melhoria-de-programas-de-atendimento-ao-publico\/","title":{"rendered":"Governo do Tocantins fecha 2023 implementando progress\u00f5es de servidores e investindo na melhoria de programas de atendimento ao p\u00fablico"},"content":{"rendered":"\n<p>O Governo do Tocantins, por meio da Secretaria de Estado da Administra\u00e7\u00e3o (Secad), encerra o ano de 2023 com a\u00e7\u00f5es que impactam positivamente a vida dos servidores e da popula\u00e7\u00e3o tocantinense.<\/p>\n\n\n\n<p>&#8220;Em 2023, alcan\u00e7amos diversas conquistas para os servidores e a popula\u00e7\u00e3o tocantinense. Celebramos a realiza\u00e7\u00e3o bem-sucedida do aguardado concurso da Educa\u00e7\u00e3o, o avan\u00e7o das progress\u00f5es funcionais que reconhecem o m\u00e9rito dos nossos colaboradores, a amplia\u00e7\u00e3o dos atendimentos e a abrang\u00eancia do Servir\u201d, celebra o governador Wanderlei Barbosa.<\/p>\n\n\n\n<p>&nbsp;O&nbsp;secret\u00e1rio de Estado da Administra\u00e7\u00e3o, Paulo C\u00e9sar Benfica Filho, ressalta a introdu\u00e7\u00e3o da posse digital, modernizando processos e agilizando procedimentos. \u201cA inaugura\u00e7\u00e3o da nova sede do Pronto, em Gurupi, simboliza o nosso compromisso com instala\u00e7\u00f5es de qualidade. Al\u00e9m disso, ampliamos a carteira de parceiros do Clube de Benef\u00edcios. Tudo isso sempre na busca pela valoriza\u00e7\u00e3o do nosso capital humano e pela moderniza\u00e7\u00e3o da gest\u00e3o\u201d, frisa o&nbsp;secret\u00e1rio.<\/p>\n\n\n\n<p><strong>Progress\u00f5es e valoriza\u00e7\u00e3o de servidores<\/strong><\/p>\n\n\n\n<p>A concess\u00e3o de progress\u00f5es para diversos quadros de servidores p\u00fablicos foi prioridade do Governo do Tocantins. Somente em dezembro deste ano, mais de 4,5 mil servidores ter\u00e3o seus vencimentos atualizados.&nbsp;No quadro da Educa\u00e7\u00e3o, cerca de 3 mil professores foram beneficiados com a quita\u00e7\u00e3o de&nbsp;passivos retroativos. Os benef\u00edcios concedidos s\u00e3o referentes aos anos de 2021 e 2022.&nbsp;<\/p>\n\n\n\n<p><strong>Concurso da Educa\u00e7\u00e3o<\/strong><\/p>\n\n\n\n<p>Ap\u00f3s 14 anos sem concurso, o Governo do Tocantins realizou um dos certames mais aguardados do Pa\u00eds, o concurso da educa\u00e7\u00e3o estadual. Foram disponibilizadas&nbsp;5.242&nbsp;vagas&nbsp;para os cargos de professor da educa\u00e7\u00e3o b\u00e1sica, coordenador pedag\u00f3gico, orientador educacional, professor da educa\u00e7\u00e3o b\u00e1sica, orientador educacional e coordenador pedag\u00f3gico na educa\u00e7\u00e3o ind\u00edgena.&nbsp;Os aprovados no certame devem tomar posse antes do in\u00edcio do ano letivo de 2024.<\/p>\n\n\n\n<p><strong>Servir completa 20 anos<\/strong><\/p>\n\n\n\n<p>Em 2023, o Plano de Assist\u00eancia \u00e0 Sa\u00fade dos Servidores P\u00fablicos do Tocantins (Servir) celebrou duas d\u00e9cadas de dedica\u00e7\u00e3o \u00e0 sa\u00fade e ao bem-estar de seus benefici\u00e1rios.&nbsp;&nbsp;Atualmente, o Servir atende 76.093 vidas, entre titulares, dependentes diretos e indiretos. Em 2023, passaram a ser assistidas mais 1.664 vidas em rela\u00e7\u00e3o ao ano de 2022. Para atender essa gama de benefici\u00e1rios, o Plano apresenta uma carteira de mais de mil prestadores, que engloba pessoas jur\u00eddicas e f\u00edsicas, cooperativas de profissionais de sa\u00fade e de anestesiologistas. O Plano conta ainda com um corpo cl\u00ednico com variadas especialidades m\u00e9dicas, distribu\u00eddas no Tocantins e nos estados de Goi\u00e1s e Maranh\u00e3o.<\/p>\n\n\n\n<p>Em 2023, o Servir ampliou os seus servi\u00e7os nos munic\u00edpios de Gurupi e Goi\u00e2nia e efetuou o monitoramento e o encaminhamento de 648 benefici\u00e1rios que realizam, atualmente, acompanhamento nutricional, psicol\u00f3gico e atendimento cl\u00ednico especializado em doen\u00e7as cr\u00f4nicas.<\/p>\n\n\n\n<p>A benefici\u00e1ria do Servir, Kelly Keiko, foi diagnosticada com diabetes no in\u00edcio de 2023 e, gra\u00e7as ao programa de monitoramento, mant\u00e9m o controle da doen\u00e7a. \u201cParticipo do programa de monitoramento pelo Servir. Tenho consultas on-line com cl\u00ednico geral e nutricionista periodicamente. O atendimento da equipe est\u00e1 sendo maravilhoso. Esse acompanhamento \u00e9 muito importante e facilita muito a vida de quem est\u00e1 doente e fragilizado\u201d, declara.&nbsp;<\/p>\n\n\n\n<p>Um marco importante em 2023 para o Plano e seus benefici\u00e1rios foi a inclus\u00e3o do tratamento terap\u00eautico multidisciplinar nas \u00e1reas de coberturas do Plano, voltado para os portadores de Transtorno do Espectro Autista (TEA) e outros transtornos de desenvolvimento e neurodesenvolvimento.&nbsp;<\/p>\n\n\n\n<p><strong>Mais descontos no Clube de Benef\u00edcios<\/strong>&nbsp;<\/p>\n\n\n\n<p>O Clube de Benef\u00edcios foi atualizado e, agora, conta com empresas e prestadores ainda mais qualificados na oferta de servi\u00e7os e produtos. S\u00e3o parceiros do Clube empresas como postos de combust\u00edveis, oficinas mec\u00e2nicas, lava-jatos, restaurantes e academias, tudo para que os servidores tenham os melhores servi\u00e7os com os melhores descontos.<\/p>\n\n\n\n<p>O programa conta, atualmente, com 55 empresas cadastradas em sete munic\u00edpios (Palmas, Alvorada, Para\u00edso do Tocantins, Anan\u00e1s, Gurupi, Porto Nacional, Aragua\u00edna) e oferece descontos de at\u00e9 40%. Vale destacar que o credenciamento de novos parceiros \u00e9 cont\u00ednuo. Os servidores podem acessar a lista de empresas e servi\u00e7os associados por meio do site&nbsp;<a href=\"https:\/\/www.to.gov.br\/clubedebeneficios\">https:\/\/www.to.gov.br\/clubedebeneficios<\/a>&nbsp;&nbsp;<\/p>\n\n\n\n<p>&nbsp;<strong>Pronto: tecnologia e conforto para o cidad\u00e3o<\/strong><\/p>\n\n\n\n<p>O Governo do Tocantins deu um passo significativo na&nbsp;moderniza\u00e7\u00e3o do servi\u00e7o de atendimento ao cidad\u00e3o, o&nbsp;<em>Pronto<\/em>.&nbsp;As unidades de Aragua\u00edna e Gurupi passaram por uma remodelagem e, em breve, ser\u00e1 inaugurado uma nova unidade na cidade de Porto Nacional.<\/p>\n\n\n\n<p>Atualmente, o Pronto conta com a colabora\u00e7\u00e3o de 23 \u00f3rg\u00e3os governamentais&nbsp;cadastrados, promovendo uma coopera\u00e7\u00e3o interdepartamental essencial para a&nbsp;efici\u00eancia e a conveni\u00eancia dos servi\u00e7os prestados.<\/p>\n\n\n\n<p>Outras informa\u00e7\u00f5es e agendamentos de atendimentos podem ser feitos pelo site:&nbsp;<a href=\"https:\/\/www.to.gov.br\/secad\/pronto\/1y5zhidggg1n\">https:\/\/www.to.gov.br\/secad\/pronto\/1y5zhidggg1n<\/a>&nbsp;.<\/p>\n\n\n\n<p><strong>Est\u00e1gio e inclus\u00e3o<\/strong><\/p>\n\n\n\n<p>O programa de est\u00e1gio do Governo do Tocantins conta com 568 estagi\u00e1rios em treinamento, abrangendo diversas \u00e1reas e munic\u00edpios tocantinenses. A Secad e o Instituto Euvaldo Lodi \u2013 N\u00facleo Regional do Tocantins (IEL\/TO), em uma iniciativa inovadora, anunciaram, neste m\u00eas de dezembro de 2023, o lan\u00e7amento do primeiro edital exclusivo para a sele\u00e7\u00e3o de estagi\u00e1rios Pessoas com Defici\u00eancia (PcD) no Estado.<\/p>\n\n\n\n<p>A decis\u00e3o de direcionar esfor\u00e7os para a inclus\u00e3o de PcD no programa de est\u00e1gio representa um passo significativo na promo\u00e7\u00e3o da igualdade de oportunidades. O edital visa oferecer est\u00e1gios a estudantes matriculados e frequentes nos cursos de n\u00edvel m\u00e9dio, t\u00e9cnico e superior (bacharel), proporcionando n\u00e3o apenas experi\u00eancia pr\u00e1tica, mas tamb\u00e9m contribuindo para a forma\u00e7\u00e3o profissional desses jovens talentos.<\/p>\n\n\n\n<p>Al\u00e9m de fortalecer a presen\u00e7a de estagi\u00e1rios PcD em diferentes setores da administra\u00e7\u00e3o, a medida reflete o compromisso do Governo do Tocantins em criar um ambiente inclusivo, onde a diversidade \u00e9 valorizada e as oportunidades s\u00e3o acess\u00edveis a todos.<\/p>\n\n\n\n<p><strong>Sa\u00fade em foco<\/strong><\/p>\n\n\n\n<p>O programa&nbsp;<em>Sa\u00fade Mental do Servidor<\/em>&nbsp;\u00e9 uma das a\u00e7\u00f5es mais emblem\u00e1ticas do Governo. O coordenador do projeto, psic\u00f3logo Fl\u00e1vio Barros, declara que na vanguarda da promo\u00e7\u00e3o da sa\u00fade mental do servidor, o Governo do Tocantins, por meio da Secad e da Junta M\u00e9dica Oficial do Estado (JMOE), desenvolveu e implementou o Programa.<\/p>\n\n\n\n<p>Entre os projetos do programa h\u00e1 a Campanha de Conscientiza\u00e7\u00e3o e Preven\u00e7\u00e3o ao Ass\u00e9dio e Discrimina\u00e7\u00e3o no Servi\u00e7o P\u00fablico do Tocantins (Ampare). \u201cO Ampare \u00e9 uma campanha que tem como principal objetivo desenvolver pol\u00edticas de preven\u00e7\u00e3o ao ass\u00e9dio no trabalho. Tamb\u00e9m objetiva promover a conscientiza\u00e7\u00e3o sobre a import\u00e2ncia de um ambiente de trabalho saud\u00e1vel para a sa\u00fade mental do indiv\u00edduo e, consequentemente, para o bom funcionamento do servi\u00e7o p\u00fablico\u201d, pontua Fl\u00e1vio Barros.<\/p>\n\n\n\n<p>A equipe do&nbsp;programa&nbsp;<em>Sa\u00fade Mental do Servidor<\/em>&nbsp;desenvolveu um instrumento de acolhimento aos servidores que estavam vivenciando algum tipo de sofrimento ps\u00edquico em decorr\u00eancia da pandemia por covid-19. S\u00e3o oferecidas ainda atividades como rodas de conversa, acolhimento pericial e terap\u00eautico, grupos terap\u00eauticos, palestras, workshops e oficinas.<\/p>\n\n\n\n<p><strong>Egov investe em qualifica\u00e7\u00e3o dos servidores<\/strong><\/p>\n\n\n\n<p>A Escola de Governo do Tocantins (Egov\/TO) oferta os cursos on-line por meio da Plataforma da Unidade Certificadora do Estado do Tocantins (Unicet) e tem buscado tamb\u00e9m outras ferramentas para concretizar as qualifica\u00e7\u00f5es oferecidas como: como webinar, videoconfer\u00eancia e outros recursos.<\/p>\n\n\n\n<p>No ano de 2023, as metas com rela\u00e7\u00e3o \u00e0 oferta de capacita\u00e7\u00e3o da Egov-TO foram superadas. No decorrer do ano, 55 cursos foram disponibilizados na plataforma Unicet, totalizando 4.036 certifica\u00e7\u00f5es emitidas de janeiro a dezembro.<\/p>\n\n\n\n<p>Atenta \u00e0s crescentes demandas de capacita\u00e7\u00e3o dos servidores estaduais, a Secad, em parceria com a Universidade Estadual do Tocantins (Unitins), por meio&nbsp;<em>do Projeto Capacito (Plano Tocantins na Era do Conhecimento)&nbsp;<\/em>lan\u00e7ou, em dezembro deste ano, mais dois cursos<em>: Cinco Dimens\u00f5es \u2013 M5D<\/em>&nbsp;e&nbsp;MBA em&nbsp;<em>Parcerias P\u00fablico-Privadas e Concess\u00f5es<\/em>. Esses dois novos cursos somam mais 28 vagas.<\/p>\n\n\n\n<p>O&nbsp;<em>Projeto Capacito<\/em>&nbsp;teve in\u00edcio em agosto de 2023, com o objetivo de valorizar o servidor p\u00fablico por meio de capacita\u00e7\u00f5es. A primeira a\u00e7\u00e3o do projeto foi o MBA em Pol\u00edticas P\u00fablicas para Cidades Inteligentes, ministrado pela Universidade de S\u00e3o Paulo (USP). O curso atende&nbsp;278 servidores da administra\u00e7\u00e3o direta e indireta, al\u00e9m de um servidor de cada um dos 139 munic\u00edpios tocantinenses.&nbsp;O&nbsp;<em>Capacito&nbsp;<\/em>conta com investimento de cerca de R$ 8 milh\u00f5es. Mais informa\u00e7\u00f5es no site:&nbsp;<a href=\"https:\/\/capacito.to.gov.br\/\">https:\/\/capacito.to.gov.br\/<\/a>.<\/p>\n\n\n\n<p><strong>Inova\u00e7\u00e3o na gest\u00e3o patrimonial<\/strong><\/p>\n\n\n\n<p>A Secad investiu significativamente na capacita\u00e7\u00e3o da administra\u00e7\u00e3o estadual, com\u00a0treinamentos especializados relacionados \u00e0s novas regras do invent\u00e1rio patrimonial. Essa iniciativa n\u00e3o apenas fortalece a habilidade da administra\u00e7\u00e3o em lidar com as complexidades da gest\u00e3o patrimonial, mas tamb\u00e9m destaca o compromisso do Governo em aderir \u00e0s melhores pr\u00e1ticas e aos padr\u00f5es de efici\u00eancia na administra\u00e7\u00e3o p\u00fablica;\u00a0demonstra seu empenho em manter um alto padr\u00e3o de transpar\u00eancia, responsabilidade e efici\u00eancia na administra\u00e7\u00e3o dos recursos p\u00fablicos, consolidando, assim, a confian\u00e7a da popula\u00e7\u00e3o nas institui\u00e7\u00f5es governamentais.<\/p>\n\n\n\n<p><img src=\"https:\/\/central.to.gov.br\/image\/360684?w=670&amp;h=383\"><\/p>\n\n\n\n<p>Secretaria de Estado da Administra\u00e7\u00e3o encerra o ano de 2023 com a\u00e7\u00f5es que impactam positivamente a vida dos servidores com foco no aprimoramento e moderniza\u00e7\u00e3o de servi\u00e7os &#8211; Secad\/Governo do Tocantins\u00a0<\/p>\n\n\n\n<p><img src=\"https:\/\/central.to.gov.br\/image\/360682?w=670&amp;h=383\"><\/p>\n\n\n\n<p>Governador Wanderlei Barbosa assina portarias com a concess\u00e3o das progress\u00f5es dos servidores da Educa\u00e7\u00e3o &#8211; Aldivan Nogueira\/Governo do Tocantins\u00a0<\/p>\n\n\n\n<p><img src=\"https:\/\/central.to.gov.br\/image\/360683?w=670&amp;h=383\"><\/p>\n\n\n\n<p>Servir ampliou servi\u00e7os no interior do Tocantins &#8211; Secad\/Governo do Tocantins\u00a0<\/p>\n\n\n\n<p><img src=\"https:\/\/central.to.gov.br\/image\/360679?w=670&amp;h=383\"><\/p>\n\n\n\n<p>Projeto Capacito (Plano Tocantins na Era do Conhecimento) lan\u00e7ou, em dezembro deste ano, mais dois cursos com cerca de 30 vagas &#8211; Nonato Silva\/Governo do Tocantins\u00a0<\/p>\n\n\n\n<p><img src=\"https:\/\/central.to.gov.br\/image\/360680?w=670&amp;h=383\"><\/p>\n\n\n\n<p>Secret\u00e1rio de Estado da Administra\u00e7\u00e3o, Paulo C\u00e9sar Benfica Filho, ressalta import\u00e2ncia da posse digital, modernizando processos e agilizando procedimentos &#8211; Aldivan Nogueira\/Governo do Tocantins\u00a0<\/p>\n\n\n\n<p><img src=\"https:\/\/central.to.gov.br\/image\/360678?w=670&amp;h=383\"><\/p>\n\n\n\n<p>Governo do Tocantins deu um passo significativo na moderniza\u00e7\u00e3o do servi\u00e7o de atendimento ao cidad\u00e3o, o Pronto &#8211; Aldivan Nogueira\/Governo do Tocantins\u00a0<\/p>\n\n\n\n<p><img src=\"https:\/\/central.to.gov.br\/image\/360676?w=670&amp;h=383\"><\/p>\n\n\n\n<p>Clube de Benef\u00edcios fortalece n\u00famero de parceiros oferecendo mais descontos aos servidores &#8211; Secad\/Governo do Tocantins\u00a0<\/p>\n","protected":false},"excerpt":{"rendered":"<p>O Governo do Tocantins, por meio da Secretaria de Estado da Administra\u00e7\u00e3o (Secad), encerra o ano de 2023 com a\u00e7\u00f5es que impactam positivamente a vida dos servidores e da popula\u00e7\u00e3o tocantinense. &#8220;Em 2023, alcan\u00e7amos diversas conquistas para os servidores e a popula\u00e7\u00e3o tocantinense. Celebramos a realiza\u00e7\u00e3o bem-sucedida do aguardado concurso da Educa\u00e7\u00e3o, o avan\u00e7o das [&hellip;]<\/p>\n","protected":false},"author":2,"featured_media":18026,"comment_status":"open","ping_status":"open","sticky":false,"template":"","format":"standard","meta":[],"categories":[3],"tags":[13],"_links":{"self":[{"href":"https:\/\/dgospel.com.br\/portal\/index.php\/wp-json\/wp\/v2\/posts\/18025"}],"collection":[{"href":"https:\/\/dgospel.com.br\/portal\/index.php\/wp-json\/wp\/v2\/posts"}],"about":[{"href":"https:\/\/dgospel.com.br\/portal\/index.php\/wp-json\/wp\/v2\/types\/post"}],"author":[{"embeddable":true,"href":"https:\/\/dgospel.com.br\/portal\/index.php\/wp-json\/wp\/v2\/users\/2"}],"replies":[{"embeddable":true,"href":"https:\/\/dgospel.com.br\/portal\/index.php\/wp-json\/wp\/v2\/comments?post=18025"}],"version-history":[{"count":1,"href":"https:\/\/dgospel.com.br\/portal\/index.php\/wp-json\/wp\/v2\/posts\/18025\/revisions"}],"predecessor-version":[{"id":18027,"href":"https:\/\/dgospel.com.br\/portal\/index.php\/wp-json\/wp\/v2\/posts\/18025\/revisions\/18027"}],"wp:featuredmedia":[{"embeddable":true,"href":"https:\/\/dgospel.com.br\/portal\/index.php\/wp-json\/wp\/v2\/media\/18026"}],"wp:attachment":[{"href":"https:\/\/dgospel.com.br\/portal\/index.php\/wp-json\/wp\/v2\/media?parent=18025"}],"wp:term":[{"taxonomy":"category","embeddable":true,"href":"https:\/\/dgospel.com.br\/portal\/index.php\/wp-json\/wp\/v2\/categories?post=18025"},{"taxonomy":"post_tag","embeddable":true,"href":"https:\/\/dgospel.com.br\/portal\/index.php\/wp-json\/wp\/v2\/tags?post=18025"}],"curies":[{"name":"wp","href":"https:\/\/api.w.org\/{rel}","templated":true}]}}