{"id":18028,"date":"2023-12-27T09:43:50","date_gmt":"2023-12-27T12:43:50","guid":{"rendered":"https:\/\/dgospel.com.br\/portal\/?p=18028"},"modified":"2023-12-27T09:43:51","modified_gmt":"2023-12-27T12:43:51","slug":"governo-do-tocantins-realiza-noite-gospel-nesta-sexta-feira-29-em-palmas","status":"publish","type":"post","link":"https:\/\/dgospel.com.br\/portal\/index.php\/2023\/12\/27\/governo-do-tocantins-realiza-noite-gospel-nesta-sexta-feira-29-em-palmas\/","title":{"rendered":"Governo do Tocantins realiza &#8216;Noite Gospel&#8217; nesta sexta-feira, 29, em Palmas"},"content":{"rendered":"\n<p>O Governo do Tocantins, por meio da Secretaria de Estado do Turismo (Sectur), realiza a &#8220;Noite Gospel&#8221; nesta sexta-feira, 29, na Pra\u00e7a dos Girass\u00f3is, em Palmas, com shows para celebrar o encerramento de 2023.<br><br>As apresenta\u00e7\u00f5es ter\u00e3o in\u00edcio \u00e0s 19 horas, na ala norte da Pra\u00e7a dos Girass\u00f3is, com Sandro Narizeu. \u00c0s 20 horas sobe ao palco o Grupo Am\u00e9m; \u00e0s 21 horas se apresenta o cantor Delino Mar\u00e7al; \u00e0s 22 horas, Kemuel. O p\u00fablico presente ter\u00e1 a oportunidade de cantar com Maria Mar\u00e7al, \u00e0s 23 horas, um dos destaques da nova gera\u00e7\u00e3o gospel.<br><br>\u201cAs apresenta\u00e7\u00f5es musicais constituem um momento de f\u00e9 e encontro das fam\u00edlias crist\u00e3s para celebrar e agradecer as gra\u00e7as alcan\u00e7adas ao longo deste ano\u201d, ressalta o governador Wanderlei Barbosa, que estar\u00e1 presente no evento.<br><br>O secret\u00e1rio do Turismo, Hercy Filho, destaca \u00a0a import\u00e2ncia de um show desse segmento, j\u00e1 que Palmas \u00e9 um roteiro importante no final de ano para os tocantinenses e para turistas de todo o Brasil. \u201cEste \u00e9 um momento marcante e muito especial para a nossa cidade e nosso Estado e certamente vai atrair um expressivo p\u00fablico\u201d.<\/p>\n\n\n\n<p><img src=\"https:\/\/central.to.gov.br\/image\/360733?w=670&amp;h=383\"><\/p>\n\n\n\n<p>Apresenta\u00e7\u00f5es ter\u00e3o in\u00edcio \u00e0s 19 horas, na ala norte da Pra\u00e7a dos Girass\u00f3is, com Sandro Narizeu &#8211; Divulga\u00e7\u00e3o\u00a0<\/p>\n\n\n\n<p><img src=\"https:\/\/central.to.gov.br\/image\/360732?w=670&amp;h=383\"><\/p>\n\n\n\n<p>Noite Gospel ter\u00e1 apresenta\u00e7\u00e3o de Delino Mar\u00e7al &#8211; Divulga\u00e7\u00e3o\u00a0<\/p>\n\n\n\n<p><img src=\"https:\/\/central.to.gov.br\/image\/360731?w=670&amp;h=383\"><\/p>\n\n\n\n<p>Maria Mar\u00e7al \u00e9 um dos destaques da nova gera\u00e7\u00e3o gospel e sobe ao palco \u00e0s 23 horas, desta sexta-feira, 29 &#8211; Antonio Gon\u00e7alves\/Governo do Tocantins<\/p>\n","protected":false},"excerpt":{"rendered":"<p>O Governo do Tocantins, por meio da Secretaria de Estado do Turismo (Sectur), realiza a &#8220;Noite Gospel&#8221; nesta sexta-feira, 29, na Pra\u00e7a dos Girass\u00f3is, em Palmas, com shows para celebrar o encerramento de 2023. As apresenta\u00e7\u00f5es ter\u00e3o in\u00edcio \u00e0s 19 horas, na ala norte da Pra\u00e7a dos Girass\u00f3is, com Sandro Narizeu. \u00c0s 20 horas sobe [&hellip;]<\/p>\n","protected":false},"author":2,"featured_media":18029,"comment_status":"open","ping_status":"open","sticky":false,"template":"","format":"standard","meta":[],"categories":[5],"tags":[13],"_links":{"self":[{"href":"https:\/\/dgospel.com.br\/portal\/index.php\/wp-json\/wp\/v2\/posts\/18028"}],"collection":[{"href":"https:\/\/dgospel.com.br\/portal\/index.php\/wp-json\/wp\/v2\/posts"}],"about":[{"href":"https:\/\/dgospel.com.br\/portal\/index.php\/wp-json\/wp\/v2\/types\/post"}],"author":[{"embeddable":true,"href":"https:\/\/dgospel.com.br\/portal\/index.php\/wp-json\/wp\/v2\/users\/2"}],"replies":[{"embeddable":true,"href":"https:\/\/dgospel.com.br\/portal\/index.php\/wp-json\/wp\/v2\/comments?post=18028"}],"version-history":[{"count":1,"href":"https:\/\/dgospel.com.br\/portal\/index.php\/wp-json\/wp\/v2\/posts\/18028\/revisions"}],"predecessor-version":[{"id":18030,"href":"https:\/\/dgospel.com.br\/portal\/index.php\/wp-json\/wp\/v2\/posts\/18028\/revisions\/18030"}],"wp:featuredmedia":[{"embeddable":true,"href":"https:\/\/dgospel.com.br\/portal\/index.php\/wp-json\/wp\/v2\/media\/18029"}],"wp:attachment":[{"href":"https:\/\/dgospel.com.br\/portal\/index.php\/wp-json\/wp\/v2\/media?parent=18028"}],"wp:term":[{"taxonomy":"category","embeddable":true,"href":"https:\/\/dgospel.com.br\/portal\/index.php\/wp-json\/wp\/v2\/categories?post=18028"},{"taxonomy":"post_tag","embeddable":true,"href":"https:\/\/dgospel.com.br\/portal\/index.php\/wp-json\/wp\/v2\/tags?post=18028"}],"curies":[{"name":"wp","href":"https:\/\/api.w.org\/{rel}","templated":true}]}}