{"id":18031,"date":"2023-12-27T10:38:12","date_gmt":"2023-12-27T13:38:12","guid":{"rendered":"https:\/\/dgospel.com.br\/portal\/?p=18031"},"modified":"2023-12-27T10:38:14","modified_gmt":"2023-12-27T13:38:14","slug":"reforma-de-r-268-milhoes-nos-palacios-presidenciais-inclui-tapete-de-r-114-mil-para-janja","status":"publish","type":"post","link":"https:\/\/dgospel.com.br\/portal\/index.php\/2023\/12\/27\/reforma-de-r-268-milhoes-nos-palacios-presidenciais-inclui-tapete-de-r-114-mil-para-janja\/","title":{"rendered":"Reforma de R$ 26,8 milh\u00f5es nos Pal\u00e1cios Presidenciais inclui tapete de R$ 114 mil para Janja"},"content":{"rendered":"\n<p>Uma extensa reforma nos pal\u00e1cios presidenciais de Bras\u00edlia, supervisionada pelo presidente Lula e sua esposa Janja, resultou em despesas totalizando R$ 26,8 milh\u00f5es somente em 2023, conforme reportagem do Estad\u00e3o. Esta reforma inclui a aquisi\u00e7\u00e3o de m\u00f3veis, materiais e utens\u00edlios dom\u00e9sticos para o Pal\u00e1cio do Planalto, Pal\u00e1cio da Alvorada, a Resid\u00eancia Oficial da Granja do Torto e o Pal\u00e1cio do Jaburu.<\/p>\n\n\n\n<p>Dentre os itens adquiridos, destaca-se a compra de 13 tapetes, que somam um valor estimado em R$ 374.452,71. Tr\u00eas destes tapetes ser\u00e3o destinados ao Pal\u00e1cio da Alvorada e os outros dez ao Pal\u00e1cio do Planalto. Os tapetes mais caros, inspirados em desenhos modernistas de Burle Marx, possuem um design org\u00e2nico e tamanhos consider\u00e1veis, sendo destinados a \u00e1reas de eventos e cerim\u00f4nias no Planalto.<\/p>\n\n\n\n<p>A escolha destes tapetes, segundo o Pal\u00e1cio do Planalto, visa trazer mais \u201cbrasilidade\u201d ao ambiente, substituindo os tapetes orientais atuais por produtos que refletem melhor a cultura e a produ\u00e7\u00e3o brasileira de tape\u00e7aria. O tapete mais caro, apesar do pre\u00e7o elevado, n\u00e3o \u00e9 considerado um luxo proibido pelo decreto de 2021, segundo a Secretaria de Comunica\u00e7\u00e3o (Secom), devido \u00e0s suas caracter\u00edsticas \u00fanicas e import\u00e2ncia para as atividades oficiais.<\/p>\n\n\n\n<p>Al\u00e9m disso, a reforma inclui a renova\u00e7\u00e3o dos pisos da Granja do Torto, com um or\u00e7amento de R$ 156.154,77, visando padronizar o espa\u00e7o com materiais dur\u00e1veis e de baixa manuten\u00e7\u00e3o. Tamb\u00e9m foram destinados R$ 130.695,36 para a compra de um novo enxoval de len\u00e7\u00f3is e roupas de cama e banho, com R$ 41.750 j\u00e1 gastos em setembro.<\/p>\n\n\n\n<p>A Secom enfatizou que todos os itens adquiridos seguem os padr\u00f5es dos Pal\u00e1cios oficiais e passar\u00e3o a integrar o patrim\u00f4nio da Uni\u00e3o, estando \u00e0 disposi\u00e7\u00e3o dos futuros chefes de Estado que ocuparem estes espa\u00e7os.<\/p>\n","protected":false},"excerpt":{"rendered":"<p>Uma extensa reforma nos pal\u00e1cios presidenciais de Bras\u00edlia, supervisionada pelo presidente Lula e sua esposa Janja, resultou em despesas totalizando R$ 26,8 milh\u00f5es somente em 2023, conforme reportagem do Estad\u00e3o. Esta reforma inclui a aquisi\u00e7\u00e3o de m\u00f3veis, materiais e utens\u00edlios dom\u00e9sticos para o Pal\u00e1cio do Planalto, Pal\u00e1cio da Alvorada, a Resid\u00eancia Oficial da Granja do [&hellip;]<\/p>\n","protected":false},"author":2,"featured_media":18032,"comment_status":"open","ping_status":"open","sticky":false,"template":"","format":"standard","meta":[],"categories":[10],"tags":[],"_links":{"self":[{"href":"https:\/\/dgospel.com.br\/portal\/index.php\/wp-json\/wp\/v2\/posts\/18031"}],"collection":[{"href":"https:\/\/dgospel.com.br\/portal\/index.php\/wp-json\/wp\/v2\/posts"}],"about":[{"href":"https:\/\/dgospel.com.br\/portal\/index.php\/wp-json\/wp\/v2\/types\/post"}],"author":[{"embeddable":true,"href":"https:\/\/dgospel.com.br\/portal\/index.php\/wp-json\/wp\/v2\/users\/2"}],"replies":[{"embeddable":true,"href":"https:\/\/dgospel.com.br\/portal\/index.php\/wp-json\/wp\/v2\/comments?post=18031"}],"version-history":[{"count":1,"href":"https:\/\/dgospel.com.br\/portal\/index.php\/wp-json\/wp\/v2\/posts\/18031\/revisions"}],"predecessor-version":[{"id":18033,"href":"https:\/\/dgospel.com.br\/portal\/index.php\/wp-json\/wp\/v2\/posts\/18031\/revisions\/18033"}],"wp:featuredmedia":[{"embeddable":true,"href":"https:\/\/dgospel.com.br\/portal\/index.php\/wp-json\/wp\/v2\/media\/18032"}],"wp:attachment":[{"href":"https:\/\/dgospel.com.br\/portal\/index.php\/wp-json\/wp\/v2\/media?parent=18031"}],"wp:term":[{"taxonomy":"category","embeddable":true,"href":"https:\/\/dgospel.com.br\/portal\/index.php\/wp-json\/wp\/v2\/categories?post=18031"},{"taxonomy":"post_tag","embeddable":true,"href":"https:\/\/dgospel.com.br\/portal\/index.php\/wp-json\/wp\/v2\/tags?post=18031"}],"curies":[{"name":"wp","href":"https:\/\/api.w.org\/{rel}","templated":true}]}}