{"id":18034,"date":"2023-12-27T10:45:40","date_gmt":"2023-12-27T13:45:40","guid":{"rendered":"https:\/\/dgospel.com.br\/portal\/?p=18034"},"modified":"2023-12-27T10:45:41","modified_gmt":"2023-12-27T13:45:41","slug":"universidades-federais-criticam-reducao-de-orcamento","status":"publish","type":"post","link":"https:\/\/dgospel.com.br\/portal\/index.php\/2023\/12\/27\/universidades-federais-criticam-reducao-de-orcamento\/","title":{"rendered":"Universidades federais criticam redu\u00e7\u00e3o de or\u00e7amento"},"content":{"rendered":"\n<p>A redu\u00e7\u00e3o de R$ 310,4 milh\u00f5es no or\u00e7amento para institui\u00e7\u00f5es federais foi criticada pela Associa\u00e7\u00e3o Nacional dos Dirigentes das Institui\u00e7\u00f5es Federais de Ensino Superior (Andifes), que representa 69 universidades federais.<\/p>\n\n\n\n<p>O documento fala na \u201cindigna\u00e7\u00e3o com o or\u00e7amento\u201d aprovado no Congresso Nacional e pede um acr\u00e9scimo de, no m\u00ednimo, R$ 2,5 bilh\u00f5es do Tesouro para garantir o funcionamento das universidades federais em 2024.<\/p>\n\n\n\n<p>\u2013 Esses recursos s\u00e3o imprescind\u00edveis para custear, entre outras despesas, \u00e1gua, luz, limpeza e vigil\u00e2ncia, e para garantir bolsas e aux\u00edlios aos estudantes \u2013 diz trecho da nota.<\/p>\n\n\n\n<p>A entidade fala que houve reuni\u00f5es entre a Diretoria da Andifes e lideran\u00e7as do governo federal e do Congresso Nacional para discutir o assunto, mas o valor final ficou menor que o montante conquistado em 2023, durante a PEC da transi\u00e7\u00e3o.<\/p>\n\n\n\n<p><strong>LEIA NA \u00cdNTEGRA:<\/strong><br><em>A diretoria da Associa\u00e7\u00e3o Nacional dos Dirigentes das Institui\u00e7\u00f5es Federais de Ensino Superior (Andifes), que re\u00fane todas as 69 universidades federais e dois centros federais de educa\u00e7\u00e3o tecnol\u00f3gica, vem a p\u00fablico expressar a sua indigna\u00e7\u00e3o com o or\u00e7amento das universidades federais para 2024, aprovado pelo Congresso Nacional nesta sexta-feira, 22.<\/em><\/p>\n\n\n\n<p><em>Nos \u00faltimos anos, as universidades federais t\u00eam enfrentado redu\u00e7\u00e3o sistem\u00e1tica dos recursos destinados para funcionamento e investimento. Simultaneamente, houve aumento do n\u00famero de universidades, localizadas principalmente no interior do pa\u00eds, e do n\u00famero de vagas e de cursos de gradua\u00e7\u00e3o e de p\u00f3s-gradua\u00e7\u00e3o. Al\u00e9m de formarem pessoas com excel\u00eancia reconhecida nacional e internacionalmente, as universidades federais realizam a maior parte da pesquisa do pa\u00eds e t\u00eam ampliado cada vez mais a sua atua\u00e7\u00e3o na sociedade, como presenciado durante a pandemia de covid-19 e nas diversas a\u00e7\u00f5es diretas para a melhoria da vida da popula\u00e7\u00e3o brasileira.<\/em><\/p>\n\n\n\n<p><em>No entanto, todo o esfor\u00e7o das universidades federais em prol do povo brasileiro n\u00e3o encontra sustenta\u00e7\u00e3o em or\u00e7amento minimamente adequado. O Projeto de Lei Or\u00e7ament\u00e1ria (PLOA) 2024 para as universidades federais j\u00e1 continha um or\u00e7amento menor, em valores nominais, do que o montante conquistado em 2023 com a chamada PEC da transi\u00e7\u00e3o, que foi de R$ 6.268.186.880,00. Mesmo ap\u00f3s diversas reuni\u00f5es da Diretoria da Andifes com lideran\u00e7as do Governo Federal e do Congresso Nacional, a redu\u00e7\u00e3o se acentuou ainda mais na Lei Or\u00e7ament\u00e1ria aprovada, resultando no montante de R$ 5.957.807.724,00 para as universidades federais, ou seja, valor R$ 310.379.156,00 menor do que o or\u00e7amento de 2023.<\/em><\/p>\n\n\n\n<p><em>As reitoras e os reitores das universidades federais brasileiras v\u00eam, mais uma vez, destacar a necessidade urgente de recomposi\u00e7\u00e3o do or\u00e7amento das universidades federais para 2024. Ap\u00f3s estudos t\u00e9cnicos que consideram a dif\u00edcil situa\u00e7\u00e3o econ\u00f4mica do pa\u00eds, reafirmamos a necessidade de acr\u00e9scimo de, no m\u00ednimo, R$ 2,5 bilh\u00f5es no or\u00e7amento do Tesouro aprovado pelo Congresso Nacional para o funcionamento das universidades federais em 2024. Esses recursos s\u00e3o imprescind\u00edveis para custear, entre outras despesas, \u00e1gua, luz, limpeza e vigil\u00e2ncia, e para garantir bolsas e aux\u00edlios aos estudantes.<\/em><\/p>\n\n\n\n<p><em>Com o intuito de assegurar o cumprimento adequado da miss\u00e3o social, acad\u00eamica e cient\u00edfica de nossas institui\u00e7\u00f5es, torna-se imperativo iniciar um processo sustent\u00e1vel e cont\u00ednuo de reequil\u00edbrio do or\u00e7amento das universidades federais.<\/em><\/p>\n\n\n\n<p><em>Bras\u00edlia, 22 de dezembro de 2023.<\/em><\/p>\n\n\n\n<p><em>Presidente: Reitora M\u00e1rcia Abrah\u00e3o Moura (UnB)<\/em><\/p>\n\n\n\n<p><em>Vice-presidente: Reitor Jos\u00e9 Daniel Diniz Melo (UFRN)<\/em><\/p>\n\n\n\n<p><em>Vice-presidente: Reitora Lucia Campos Pellanda (UFCSPA)<\/em><\/p>\n\n\n\n<p><em>Vice-presidente: Reitor Sylvio M\u00e1rio Puga Ferreira (UFAM)<\/em><\/p>\n\n\n\n<p><em>Vice-presidente: Reitor Valder Ste\ufb00en J\u00fanior (UFU)<\/em><\/p>\n","protected":false},"excerpt":{"rendered":"<p>A redu\u00e7\u00e3o de R$ 310,4 milh\u00f5es no or\u00e7amento para institui\u00e7\u00f5es federais foi criticada pela Associa\u00e7\u00e3o Nacional dos Dirigentes das Institui\u00e7\u00f5es Federais de Ensino Superior (Andifes), que representa 69 universidades federais. O documento fala na \u201cindigna\u00e7\u00e3o com o or\u00e7amento\u201d aprovado no Congresso Nacional e pede um acr\u00e9scimo de, no m\u00ednimo, R$ 2,5 bilh\u00f5es do Tesouro para [&hellip;]<\/p>\n","protected":false},"author":2,"featured_media":18035,"comment_status":"open","ping_status":"open","sticky":false,"template":"","format":"standard","meta":[],"categories":[11,12,10],"tags":[],"_links":{"self":[{"href":"https:\/\/dgospel.com.br\/portal\/index.php\/wp-json\/wp\/v2\/posts\/18034"}],"collection":[{"href":"https:\/\/dgospel.com.br\/portal\/index.php\/wp-json\/wp\/v2\/posts"}],"about":[{"href":"https:\/\/dgospel.com.br\/portal\/index.php\/wp-json\/wp\/v2\/types\/post"}],"author":[{"embeddable":true,"href":"https:\/\/dgospel.com.br\/portal\/index.php\/wp-json\/wp\/v2\/users\/2"}],"replies":[{"embeddable":true,"href":"https:\/\/dgospel.com.br\/portal\/index.php\/wp-json\/wp\/v2\/comments?post=18034"}],"version-history":[{"count":1,"href":"https:\/\/dgospel.com.br\/portal\/index.php\/wp-json\/wp\/v2\/posts\/18034\/revisions"}],"predecessor-version":[{"id":18036,"href":"https:\/\/dgospel.com.br\/portal\/index.php\/wp-json\/wp\/v2\/posts\/18034\/revisions\/18036"}],"wp:featuredmedia":[{"embeddable":true,"href":"https:\/\/dgospel.com.br\/portal\/index.php\/wp-json\/wp\/v2\/media\/18035"}],"wp:attachment":[{"href":"https:\/\/dgospel.com.br\/portal\/index.php\/wp-json\/wp\/v2\/media?parent=18034"}],"wp:term":[{"taxonomy":"category","embeddable":true,"href":"https:\/\/dgospel.com.br\/portal\/index.php\/wp-json\/wp\/v2\/categories?post=18034"},{"taxonomy":"post_tag","embeddable":true,"href":"https:\/\/dgospel.com.br\/portal\/index.php\/wp-json\/wp\/v2\/tags?post=18034"}],"curies":[{"name":"wp","href":"https:\/\/api.w.org\/{rel}","templated":true}]}}