{"id":1804,"date":"2018-11-08T16:52:21","date_gmt":"2018-11-08T18:52:21","guid":{"rendered":"http:\/\/dgospel.com.br\/portal\/?p=1804"},"modified":"2018-11-08T17:20:06","modified_gmt":"2018-11-08T19:20:06","slug":"perlla-participa-de-retiro-espiritual-e-aparece-emocionada-louvando-a-deus","status":"publish","type":"post","link":"https:\/\/dgospel.com.br\/portal\/index.php\/2018\/11\/08\/perlla-participa-de-retiro-espiritual-e-aparece-emocionada-louvando-a-deus\/","title":{"rendered":"Perlla participa de retiro espiritual e aparece emocionada louvando a Deus"},"content":{"rendered":"<p>No \u00faltimo fim de semana aconteceu o retiro Acampa Girl, um evento evang\u00e9lico voltado para mulheres, em Guaratiba, Zona Oeste do Rio de Janeiro. A cantora Perlla participou da programa\u00e7\u00e3o, trocando o funk por m\u00fasicas crist\u00e3s.<\/p>\n<p>Em um v\u00eddeo da programa\u00e7\u00e3o, ela aparece emocionada abra\u00e7ada com a filha, cantando junto com as outras participantes do evento. A ap\u00f3stola B\u00e1rbara Castro, organizadora do Acampa Girl afirmou que a cantora j\u00e1 havia demonstrado interesse em participar outras vezes.<\/p>\n<p>\u2013 Desde o ano passado que a Perlla tinha demonstrado interesse de ir, mas por conta de shows ela n\u00e3o foi. Este ano, quando ela me disse que poderia ir, foi uma alegria enorme pra n\u00f3s, pois por onde a Perlla est\u00e1 tem gargalhadas. Temos um carinho especial por sua vida. E, particularmente, desde quando ela come\u00e7ou a frequentar o Faith Club (igreja que promove o Acampa Girl) com sua fam\u00edlia e nos conhecemos, n\u00f3s a amamos e acolhemos, independente de qualquer pol\u00eamica ou cr\u00edtica \u2013 relatou B\u00e1rbara.<\/p>\n<p>A organizadora tamb\u00e9m relatou um pouco mais da programa\u00e7\u00e3o.<\/p>\n<p>\u2013 O Acampa Girl \u00e9 um projeto que nasceu em 2014, sonhado por mim, num desejo de atrair mulheres de todas as idades, mulheres que j\u00e1 foram machucadas pela vida, que perderam seu valor pr\u00f3prio ou foram rejeitadas de alguma forma e traz\u00ea-las de volta \u00e0 sua ess\u00eancia. O objetivo \u00e9 mostr\u00e1-las o seu valor \u00fanico na cria\u00e7\u00e3o de Deus e tudo que Ele pode fazer quando uma mulher coloca sua vida diante de Deus \u2013 explicou.<\/p>\n<div style=\"width: 630px;\" class=\"wp-video\"><!--[if lt IE 9]><script>document.createElement('video');<\/script><![endif]-->\n<video class=\"wp-video-shortcode\" id=\"video-1804-1\" width=\"630\" height=\"347\" preload=\"metadata\" controls=\"controls\"><source type=\"video\/mp4\" src=\"http:\/\/dgospel.com.br\/portal\/wp-content\/uploads\/2018\/11\/WhatsApp-Video-2018-11-08-at-14.34.13.mp4?_=1\" \/><a href=\"http:\/\/dgospel.com.br\/portal\/wp-content\/uploads\/2018\/11\/WhatsApp-Video-2018-11-08-at-14.34.13.mp4\">http:\/\/dgospel.com.br\/portal\/wp-content\/uploads\/2018\/11\/WhatsApp-Video-2018-11-08-at-14.34.13.mp4<\/a><\/video><\/div>\n<p>Fonte:\u00a0pleno.news<\/p>\n","protected":false},"excerpt":{"rendered":"<p>No \u00faltimo fim de semana aconteceu o retiro Acampa Girl, um evento evang\u00e9lico voltado para mulheres, em Guaratiba, Zona Oeste do Rio de Janeiro. A cantora Perlla participou da programa\u00e7\u00e3o, trocando o funk por m\u00fasicas crist\u00e3s. Em um v\u00eddeo da programa\u00e7\u00e3o, ela aparece emocionada abra\u00e7ada com a filha, cantando junto com as outras participantes do [&hellip;]<\/p>\n","protected":false},"author":2,"featured_media":1805,"comment_status":"open","ping_status":"open","sticky":false,"template":"","format":"standard","meta":[],"categories":[2,5,6],"tags":[],"_links":{"self":[{"href":"https:\/\/dgospel.com.br\/portal\/index.php\/wp-json\/wp\/v2\/posts\/1804"}],"collection":[{"href":"https:\/\/dgospel.com.br\/portal\/index.php\/wp-json\/wp\/v2\/posts"}],"about":[{"href":"https:\/\/dgospel.com.br\/portal\/index.php\/wp-json\/wp\/v2\/types\/post"}],"author":[{"embeddable":true,"href":"https:\/\/dgospel.com.br\/portal\/index.php\/wp-json\/wp\/v2\/users\/2"}],"replies":[{"embeddable":true,"href":"https:\/\/dgospel.com.br\/portal\/index.php\/wp-json\/wp\/v2\/comments?post=1804"}],"version-history":[{"count":4,"href":"https:\/\/dgospel.com.br\/portal\/index.php\/wp-json\/wp\/v2\/posts\/1804\/revisions"}],"predecessor-version":[{"id":1810,"href":"https:\/\/dgospel.com.br\/portal\/index.php\/wp-json\/wp\/v2\/posts\/1804\/revisions\/1810"}],"wp:featuredmedia":[{"embeddable":true,"href":"https:\/\/dgospel.com.br\/portal\/index.php\/wp-json\/wp\/v2\/media\/1805"}],"wp:attachment":[{"href":"https:\/\/dgospel.com.br\/portal\/index.php\/wp-json\/wp\/v2\/media?parent=1804"}],"wp:term":[{"taxonomy":"category","embeddable":true,"href":"https:\/\/dgospel.com.br\/portal\/index.php\/wp-json\/wp\/v2\/categories?post=1804"},{"taxonomy":"post_tag","embeddable":true,"href":"https:\/\/dgospel.com.br\/portal\/index.php\/wp-json\/wp\/v2\/tags?post=1804"}],"curies":[{"name":"wp","href":"https:\/\/api.w.org\/{rel}","templated":true}]}}