{"id":18043,"date":"2023-12-27T15:17:07","date_gmt":"2023-12-27T18:17:07","guid":{"rendered":"https:\/\/dgospel.com.br\/portal\/?p=18043"},"modified":"2023-12-27T15:17:07","modified_gmt":"2023-12-27T18:17:07","slug":"trump-vence-batalha-judicial-em-michigan-e-garante-qualificacao-nas-primarias-do-estado","status":"publish","type":"post","link":"https:\/\/dgospel.com.br\/portal\/index.php\/2023\/12\/27\/trump-vence-batalha-judicial-em-michigan-e-garante-qualificacao-nas-primarias-do-estado\/","title":{"rendered":"Trump vence batalha judicial em Michigan e garante qualifica\u00e7\u00e3o nas prim\u00e1rias do estado"},"content":{"rendered":"\n<p>Donald Trump obteve uma vit\u00f3ria em sua batalha contra as contesta\u00e7\u00f5es \u00e0 sua elegibilidade para a Casa Branca nesta quarta-feira (27), quando a Suprema Corte de Michigan se recusou a ouvir um caso que buscava desqualific\u00e1-lo da c\u00e9dula das prim\u00e1rias presidenciais do estado.<\/p>\n\n\n\n<p>A Corte disse que n\u00e3o receber\u00e1 um recurso de quatro eleitores do estado que buscavam excluir o ex-presidente das prim\u00e1rias republicanas de 27 de fevereiro por seu papel no&nbsp;<a href=\"https:\/\/noticias.r7.com\/internacional\/fotos\/dois-anos-da-invasao-do-capitolio-eua-tentam-reforcar-democracia-e-trump-pode-perder-direito-politico-06012023\"><strong>ataque ao Capit\u00f3lio dos Estados Unidos em 6 de janeiro de 2021<\/strong><\/a>.<\/p>\n\n\n\n<p>Os eleitores argumentavam que Trump, o favorito para a indica\u00e7\u00e3o republicana de 2024, n\u00e3o poderia servir como presidente de acordo com uma disposi\u00e7\u00e3o da Constitui\u00e7\u00e3o americana que pro\u00edbe as pessoas de ocupar cargos se elas se envolverem em &#8220;insurrei\u00e7\u00e3o ou rebeli\u00e3o&#8221; depois de fazer um juramento aos Estados Unidos.<\/p>\n\n\n\n<p>&#8220;N\u00e3o estamos convencidos de que as quest\u00f5es apresentadas devem ser analisadas por essa Corte&#8221;, disseram os ju\u00edzes em um breve despacho.<\/p>\n\n\n\n<p>Em uma publica\u00e7\u00e3o em sua plataforma, Truth Social, Trump disse que o tribunal &#8220;negou veementemente e com raz\u00e3o&#8221; o que ele chamou de &#8220;tentativa desesperada dos democratas&#8221; de tir\u00e1-lo da vota\u00e7\u00e3o em Michigan.<\/p>\n\n\n\n<p>A decis\u00e3o de Michigan contrasta com a&nbsp;<a href=\"https:\/\/noticias.r7.com\/internacional\/tribunal-do-colorado-nao-permite-participacao-de-trump-nas-primarias-do-estado-19122023\"><strong>decis\u00e3o da Suprema Corte do Colorado<\/strong><\/a>, na semana passada, de desqualificar Trump com base na mesma disposi\u00e7\u00e3o constitucional, conhecida como Se\u00e7\u00e3o 3 da 14\u00aa Emenda. Trump prometeu recorrer da decis\u00e3o do Colorado \u00e0 Suprema Corte dos Estados Unidos.<\/p>\n\n\n\n<p>Trump foi indiciado num caso federal e na Ge\u00f3rgia pelo seu papel na tentativa de reverter as elei\u00e7\u00f5es de 2020, mas n\u00e3o foi acusado de insurrei\u00e7\u00e3o relacionada com o ataque de 6 de janeiro.<\/p>\n\n\n\n<p>Uma decis\u00e3o da Suprema Corte dos EUA poderia resolver a quest\u00e3o da elegibilidade de Trump em todo o pa\u00eds para concorrer \u00e0 corrida presidencial de 2024.<\/p>\n\n\n\n<p>Um advogado dos eleitores classificou a decis\u00e3o da Suprema Corte do Colorado como processual, observando que o tribunal permitiu que reativem o caso para as elei\u00e7\u00f5es gerais de novembro de 2024.<\/p>\n\n\n\n<p>\u201cA decis\u00e3o da corte \u00e9 decepcionante, mas continuaremos, numa fase posterior, a procurar defender essa disposi\u00e7\u00e3o constitucional cr\u00edtica destinada a proteger a nossa Rep\u00fablica\u201d, disse o advogado Mark Brewer em um comunicado.<\/p>\n\n\n\n<p>Diferentemente do Colorado, a Suprema Corte de Michigan n\u00e3o decidiu o m\u00e9rito da quest\u00e3o de Trump ter se envolvido em insurrei\u00e7\u00e3o. Os ju\u00edzes mantiveram as decis\u00f5es dos tribunais inferiores, concluindo que as cortes n\u00e3o deveriam decidir a quest\u00e3o para as elei\u00e7\u00f5es prim\u00e1rias.<\/p>\n\n\n\n<p>Ao contr\u00e1rio das contesta\u00e7\u00f5es relativas \u00e0 14\u00aa Emenda apresentadas em outros Estados, Michigan \u00e9 considerado um dos col\u00e9gios que provavelmente decidir\u00e3o o resultado das elei\u00e7\u00f5es gerais de novembro de 2024.<\/p>\n","protected":false},"excerpt":{"rendered":"<p>Donald Trump obteve uma vit\u00f3ria em sua batalha contra as contesta\u00e7\u00f5es \u00e0 sua elegibilidade para a Casa Branca nesta quarta-feira (27), quando a Suprema Corte de Michigan se recusou a ouvir um caso que buscava desqualific\u00e1-lo da c\u00e9dula das prim\u00e1rias presidenciais do estado. A Corte disse que n\u00e3o receber\u00e1 um recurso de quatro eleitores do [&hellip;]<\/p>\n","protected":false},"author":2,"featured_media":18044,"comment_status":"open","ping_status":"open","sticky":false,"template":"","format":"standard","meta":[],"categories":[11,12,16],"tags":[],"_links":{"self":[{"href":"https:\/\/dgospel.com.br\/portal\/index.php\/wp-json\/wp\/v2\/posts\/18043"}],"collection":[{"href":"https:\/\/dgospel.com.br\/portal\/index.php\/wp-json\/wp\/v2\/posts"}],"about":[{"href":"https:\/\/dgospel.com.br\/portal\/index.php\/wp-json\/wp\/v2\/types\/post"}],"author":[{"embeddable":true,"href":"https:\/\/dgospel.com.br\/portal\/index.php\/wp-json\/wp\/v2\/users\/2"}],"replies":[{"embeddable":true,"href":"https:\/\/dgospel.com.br\/portal\/index.php\/wp-json\/wp\/v2\/comments?post=18043"}],"version-history":[{"count":1,"href":"https:\/\/dgospel.com.br\/portal\/index.php\/wp-json\/wp\/v2\/posts\/18043\/revisions"}],"predecessor-version":[{"id":18045,"href":"https:\/\/dgospel.com.br\/portal\/index.php\/wp-json\/wp\/v2\/posts\/18043\/revisions\/18045"}],"wp:featuredmedia":[{"embeddable":true,"href":"https:\/\/dgospel.com.br\/portal\/index.php\/wp-json\/wp\/v2\/media\/18044"}],"wp:attachment":[{"href":"https:\/\/dgospel.com.br\/portal\/index.php\/wp-json\/wp\/v2\/media?parent=18043"}],"wp:term":[{"taxonomy":"category","embeddable":true,"href":"https:\/\/dgospel.com.br\/portal\/index.php\/wp-json\/wp\/v2\/categories?post=18043"},{"taxonomy":"post_tag","embeddable":true,"href":"https:\/\/dgospel.com.br\/portal\/index.php\/wp-json\/wp\/v2\/tags?post=18043"}],"curies":[{"name":"wp","href":"https:\/\/api.w.org\/{rel}","templated":true}]}}