{"id":18046,"date":"2023-12-27T15:20:50","date_gmt":"2023-12-27T18:20:50","guid":{"rendered":"https:\/\/dgospel.com.br\/portal\/?p=18046"},"modified":"2023-12-27T15:20:51","modified_gmt":"2023-12-27T18:20:51","slug":"propostas-para-limitar-poderes-do-stf-e-acabar-com-reeleicao-terao-destaque-no-congresso-em-2024","status":"publish","type":"post","link":"https:\/\/dgospel.com.br\/portal\/index.php\/2023\/12\/27\/propostas-para-limitar-poderes-do-stf-e-acabar-com-reeleicao-terao-destaque-no-congresso-em-2024\/","title":{"rendered":"Propostas para limitar poderes do STF e acabar com reelei\u00e7\u00e3o ter\u00e3o destaque no Congresso em 2024"},"content":{"rendered":"\n<p>As propostas de emenda \u00e0 Constitui\u00e7\u00e3o (PECs) que\u00a0<a href=\"https:\/\/noticias.r7.com\/brasilia\/nao-ha-nenhum-tipo-de-afronta-do-congresso-na-pec-que-limita-poderes-do-stf-diz-pacheco-21112023\">limitam os poderes de ministros<\/a>\u00a0do Supremo Tribunal Federal (STF) e o debate sobre o<a href=\"https:\/\/noticias.r7.com\/brasilia\/debate-sobre-fim-da-reeleicao-vai-ser-prioridade-em-2024-diz-pacheco-22122023\">\u00a0fim da reelei\u00e7\u00e3o no Executivo<\/a>\u00a0e Legislativo\u00a0devem estar entre os temas priorit\u00e1rios do Congresso ap\u00f3s o recesso legislativo, que acaba em fevereiro de 2024. Os temas t\u00eam o apoio do presidente do Senado, Rodrigo Pacheco (PSD-MG), que prometeu avan\u00e7ar na discuss\u00e3o de pautas que podem mudar o cen\u00e1rio pol\u00edtico e eleitoral nos pr\u00f3ximos anos.\u00a0<\/p>\n\n\n\n<p>Duas PECs tratam da limita\u00e7\u00e3o dos poderes dos ministros da Suprema Corte. Uma delas\u00a0limita decis\u00f5es monocr\u00e1ticas e pedidos de vista nos tribunais superiores. Em linhas gerais, a proposta impede que decis\u00f5es tomadas por um ministro do STF suspendam a vig\u00eancia de leis ou atos dos presidentes da Rep\u00fablica, do Senado e da C\u00e2mara dos Deputados.<\/p>\n","protected":false},"excerpt":{"rendered":"<p>As propostas de emenda \u00e0 Constitui\u00e7\u00e3o (PECs) que\u00a0limitam os poderes de ministros\u00a0do Supremo Tribunal Federal (STF) e o debate sobre o\u00a0fim da reelei\u00e7\u00e3o no Executivo\u00a0e Legislativo\u00a0devem estar entre os temas priorit\u00e1rios do Congresso ap\u00f3s o recesso legislativo, que acaba em fevereiro de 2024. Os temas t\u00eam o apoio do presidente do Senado, Rodrigo Pacheco (PSD-MG), [&hellip;]<\/p>\n","protected":false},"author":2,"featured_media":18047,"comment_status":"open","ping_status":"open","sticky":false,"template":"","format":"standard","meta":[],"categories":[11,12,10],"tags":[],"_links":{"self":[{"href":"https:\/\/dgospel.com.br\/portal\/index.php\/wp-json\/wp\/v2\/posts\/18046"}],"collection":[{"href":"https:\/\/dgospel.com.br\/portal\/index.php\/wp-json\/wp\/v2\/posts"}],"about":[{"href":"https:\/\/dgospel.com.br\/portal\/index.php\/wp-json\/wp\/v2\/types\/post"}],"author":[{"embeddable":true,"href":"https:\/\/dgospel.com.br\/portal\/index.php\/wp-json\/wp\/v2\/users\/2"}],"replies":[{"embeddable":true,"href":"https:\/\/dgospel.com.br\/portal\/index.php\/wp-json\/wp\/v2\/comments?post=18046"}],"version-history":[{"count":1,"href":"https:\/\/dgospel.com.br\/portal\/index.php\/wp-json\/wp\/v2\/posts\/18046\/revisions"}],"predecessor-version":[{"id":18048,"href":"https:\/\/dgospel.com.br\/portal\/index.php\/wp-json\/wp\/v2\/posts\/18046\/revisions\/18048"}],"wp:featuredmedia":[{"embeddable":true,"href":"https:\/\/dgospel.com.br\/portal\/index.php\/wp-json\/wp\/v2\/media\/18047"}],"wp:attachment":[{"href":"https:\/\/dgospel.com.br\/portal\/index.php\/wp-json\/wp\/v2\/media?parent=18046"}],"wp:term":[{"taxonomy":"category","embeddable":true,"href":"https:\/\/dgospel.com.br\/portal\/index.php\/wp-json\/wp\/v2\/categories?post=18046"},{"taxonomy":"post_tag","embeddable":true,"href":"https:\/\/dgospel.com.br\/portal\/index.php\/wp-json\/wp\/v2\/tags?post=18046"}],"curies":[{"name":"wp","href":"https:\/\/api.w.org\/{rel}","templated":true}]}}