{"id":18049,"date":"2023-12-27T15:44:06","date_gmt":"2023-12-27T18:44:06","guid":{"rendered":"https:\/\/dgospel.com.br\/portal\/?p=18049"},"modified":"2023-12-27T15:44:08","modified_gmt":"2023-12-27T18:44:08","slug":"efeito-lula-inicio-de-2024-sera-marcado-pelo-aumento-nos-precos-do-feijao-e-arroz","status":"publish","type":"post","link":"https:\/\/dgospel.com.br\/portal\/index.php\/2023\/12\/27\/efeito-lula-inicio-de-2024-sera-marcado-pelo-aumento-nos-precos-do-feijao-e-arroz\/","title":{"rendered":"EFEITO LULA: In\u00edcio de 2024 ser\u00e1 marcado pelo aumento nos pre\u00e7os do feij\u00e3o e arroz"},"content":{"rendered":"\n<p>Em 2024, a tradicional combina\u00e7\u00e3o brasileira de feij\u00e3o e arroz continuar\u00e1 com alta nos pre\u00e7os, decorrente de dificuldades nas temporadas de cultivo e eleva\u00e7\u00e3o das cota\u00e7\u00f5es internacionais. As adversidades clim\u00e1ticas variaram entre excesso de chuva e seca prolongada nas principais regi\u00f5es produtoras do pa\u00eds.<\/p>\n\n\n\n<p>A situa\u00e7\u00e3o desafia o discurso de campanha do presidente Luiz In\u00e1cio Lula da Silva sobre a interven\u00e7\u00e3o no mercado para controlar pre\u00e7os dos alimentos atrav\u00e9s de estoques reguladores. Em outubro de 2022, Lula afirmou: \u201cQuando o feij\u00e3o estava subindo demais a gente ent\u00e3o colocava o feij\u00e3o no mercado para baratear. A gente vai fazer isso.\u201d<\/p>\n\n\n\n<p>O feij\u00e3o preto atingiu pre\u00e7o recorde recentemente, chegando a R$ 400 por saca para o produto importado da Argentina, de melhor qualidade. Para o feij\u00e3o nacional, afetado pela umidade, os pre\u00e7os ficaram entre R$ 350 e R$ 370 por saca. J\u00e1 o arroz registrou as cota\u00e7\u00f5es internacionais mais altas dos \u00faltimos 15 anos.<\/p>\n\n\n\n<p>Evandro Oliveira, consultor da ag\u00eancia Safras e Mercado, destaca o impacto das restri\u00e7\u00f5es \u00e0s exporta\u00e7\u00f5es de arroz por grandes produtores como a \u00cdndia, que buscam controlar a infla\u00e7\u00e3o interna. O varejo tenta n\u00e3o repassar integralmente o aumento de custos, enquanto as ind\u00fastrias enfrentam margens comprometidas e capacidade ociosa.<\/p>\n\n\n\n<p>O Paran\u00e1, maior produtor de feij\u00e3o do Brasil, sofreu uma quebra de 18% na safra devido \u00e0s chuvas, enquanto Minas Gerais enfrentou seca. O Rio Grande do Sul, principal produtor de arroz, lidou com estiagem severa. Paralelamente, o Paraguai, fornecedor para o Brasil, teve planta\u00e7\u00f5es afetadas por enchentes.<\/p>\n\n\n\n<p>Vlamir Brandalizze, consultor de commodities agr\u00edcolas, alerta que a produ\u00e7\u00e3o de arroz n\u00e3o atender\u00e1 \u00e0 demanda. A Federa\u00e7\u00e3o das Associa\u00e7\u00f5es dos Arrozeiros do Rio Grande do Sul (Fedearroz) aponta que a diminui\u00e7\u00e3o da \u00e1rea plantada de arroz resultou no aumento dos pre\u00e7os, for\u00e7ando produtores a substituir o arroz por soja e pecu\u00e1ria, al\u00e9m de recorrer \u00e0 exporta\u00e7\u00e3o como alternativa. Restri\u00e7\u00f5es nas exporta\u00e7\u00f5es por pa\u00edses asi\u00e1ticos, como a \u00cdndia, alteraram o mercado global.<\/p>\n","protected":false},"excerpt":{"rendered":"<p>Em 2024, a tradicional combina\u00e7\u00e3o brasileira de feij\u00e3o e arroz continuar\u00e1 com alta nos pre\u00e7os, decorrente de dificuldades nas temporadas de cultivo e eleva\u00e7\u00e3o das cota\u00e7\u00f5es internacionais. As adversidades clim\u00e1ticas variaram entre excesso de chuva e seca prolongada nas principais regi\u00f5es produtoras do pa\u00eds. A situa\u00e7\u00e3o desafia o discurso de campanha do presidente Luiz In\u00e1cio [&hellip;]<\/p>\n","protected":false},"author":2,"featured_media":18050,"comment_status":"open","ping_status":"open","sticky":false,"template":"","format":"standard","meta":[],"categories":[11,12,4],"tags":[],"_links":{"self":[{"href":"https:\/\/dgospel.com.br\/portal\/index.php\/wp-json\/wp\/v2\/posts\/18049"}],"collection":[{"href":"https:\/\/dgospel.com.br\/portal\/index.php\/wp-json\/wp\/v2\/posts"}],"about":[{"href":"https:\/\/dgospel.com.br\/portal\/index.php\/wp-json\/wp\/v2\/types\/post"}],"author":[{"embeddable":true,"href":"https:\/\/dgospel.com.br\/portal\/index.php\/wp-json\/wp\/v2\/users\/2"}],"replies":[{"embeddable":true,"href":"https:\/\/dgospel.com.br\/portal\/index.php\/wp-json\/wp\/v2\/comments?post=18049"}],"version-history":[{"count":1,"href":"https:\/\/dgospel.com.br\/portal\/index.php\/wp-json\/wp\/v2\/posts\/18049\/revisions"}],"predecessor-version":[{"id":18051,"href":"https:\/\/dgospel.com.br\/portal\/index.php\/wp-json\/wp\/v2\/posts\/18049\/revisions\/18051"}],"wp:featuredmedia":[{"embeddable":true,"href":"https:\/\/dgospel.com.br\/portal\/index.php\/wp-json\/wp\/v2\/media\/18050"}],"wp:attachment":[{"href":"https:\/\/dgospel.com.br\/portal\/index.php\/wp-json\/wp\/v2\/media?parent=18049"}],"wp:term":[{"taxonomy":"category","embeddable":true,"href":"https:\/\/dgospel.com.br\/portal\/index.php\/wp-json\/wp\/v2\/categories?post=18049"},{"taxonomy":"post_tag","embeddable":true,"href":"https:\/\/dgospel.com.br\/portal\/index.php\/wp-json\/wp\/v2\/tags?post=18049"}],"curies":[{"name":"wp","href":"https:\/\/api.w.org\/{rel}","templated":true}]}}