{"id":18052,"date":"2023-12-27T15:46:10","date_gmt":"2023-12-27T18:46:10","guid":{"rendered":"https:\/\/dgospel.com.br\/portal\/?p=18052"},"modified":"2023-12-27T15:46:10","modified_gmt":"2023-12-27T18:46:10","slug":"governo-lula-suspende-relatorios-sobre-yanomamis-em-meio-a-aumento-de-mortalidade-indigena","status":"publish","type":"post","link":"https:\/\/dgospel.com.br\/portal\/index.php\/2023\/12\/27\/governo-lula-suspende-relatorios-sobre-yanomamis-em-meio-a-aumento-de-mortalidade-indigena\/","title":{"rendered":"Governo Lula suspende relat\u00f3rios sobre Yanomamis em meio a aumento de mortalidade ind\u00edgena"},"content":{"rendered":"\n<p>O governo de Luiz In\u00e1cio Lula da Silva, ap\u00f3s publicar relat\u00f3rios peri\u00f3dicos sobre a situa\u00e7\u00e3o do povo yanomami ao longo do ano, suspendeu as atualiza\u00e7\u00f5es em outubro, em meio \u00e0 cont\u00ednua crise de crescimento de mortalidade entre os ind\u00edgenas. Inicialmente, os boletins emitidos pelo Minist\u00e9rio da Sa\u00fade eram semanais, passando a ser mensais, mas n\u00e3o houve novas publica\u00e7\u00f5es desde outubro.<\/p>\n\n\n\n<p>Esses relat\u00f3rios, inicialmente usados pelo governo Lula para criticar a gest\u00e3o de Jair Bolsonaro por suposta omiss\u00e3o na quest\u00e3o yanomami, indicam que os problemas na regi\u00e3o n\u00e3o s\u00f3 persistem, mas mostram sinais de agravamento. O \u00faltimo boletim da Secretaria de Sa\u00fade Ind\u00edgena (Sesai), datado de 4 de outubro de 2023, registrou 215 mortes de yanomamis no ano, superando o total de 2022. O relat\u00f3rio detalha que 53% desses \u00f3bitos foram de crian\u00e7as com at\u00e9 4 anos, com causas variando entre doen\u00e7as infecciosas, desnutri\u00e7\u00e3o, causas mal definidas, problemas externos e neonatais.<\/p>\n\n\n\n<p>A Sesai justificou a mudan\u00e7a na periodicidade dos boletins, afirmando que est\u00e1 alinhada aos padr\u00f5es da Organiza\u00e7\u00e3o Mundial da Sa\u00fade (OMS) e alegou que a situa\u00e7\u00e3o yanomami est\u00e1 em uma fase mais avan\u00e7ada, com a\u00e7\u00f5es estruturais em andamento. \u201cNesta fase, o COE est\u00e1 focado em atender a\u00e7\u00f5es priorit\u00e1rias, tais como: reposi\u00e7\u00e3o de pessoal, treinamento da Equipe Multidisciplinar de Sa\u00fade Ind\u00edgena (EMSI), distribui\u00e7\u00e3o dos insumos e reformas dos Polos Base e das Unidades B\u00e1sicas de Sa\u00fade Ind\u00edgena (UBSI)\u201d, informou a Sesai.<\/p>\n\n\n\n<p>Segundo o jornal Gazeta do Povo reportou em julho, apesar das medidas divulgadas pelo governo, a assist\u00eancia sanit\u00e1ria nas aldeias yanomamis permanecia prec\u00e1ria. Com 209 mortes registradas em 2022 e 249 em 2021, os dados at\u00e9 julho de 2023 sugeriam que o total de \u00f3bitos poderia superar a m\u00e9dia anual de 238 mortes (excluindo 2020) observada entre 2018 e 2022.<\/p>\n\n\n\n<p>Caso o padr\u00e3o de crescimento observado de janeiro a outubro se mantenha, o primeiro ano do governo Lula poder\u00e1 registrar um n\u00famero de mortes yanomamis superior \u00e0 m\u00e9dia dos \u00faltimos anos. Atualmente, sem relat\u00f3rios recentes, n\u00e3o \u00e9 poss\u00edvel confirmar, mas h\u00e1 ind\u00edcios de que as mortes j\u00e1 tenham excedido essa m\u00e9dia.<\/p>\n\n\n\n<p>No in\u00edcio de seu mandato, o presidente Lula e o ministro da Justi\u00e7a e Seguran\u00e7a P\u00fablica, Fl\u00e1vio Dino, destacaram a crise na regi\u00e3o yanomami para criticar a gest\u00e3o de Jair Bolsonaro, chegando a sugerir a ocorr\u00eancia de um \u201cgenoc\u00eddio\u201d durante o governo anterior.<\/p>\n","protected":false},"excerpt":{"rendered":"<p>O governo de Luiz In\u00e1cio Lula da Silva, ap\u00f3s publicar relat\u00f3rios peri\u00f3dicos sobre a situa\u00e7\u00e3o do povo yanomami ao longo do ano, suspendeu as atualiza\u00e7\u00f5es em outubro, em meio \u00e0 cont\u00ednua crise de crescimento de mortalidade entre os ind\u00edgenas. Inicialmente, os boletins emitidos pelo Minist\u00e9rio da Sa\u00fade eram semanais, passando a ser mensais, mas n\u00e3o [&hellip;]<\/p>\n","protected":false},"author":2,"featured_media":18053,"comment_status":"open","ping_status":"open","sticky":false,"template":"","format":"standard","meta":[],"categories":[11,12,10,5],"tags":[],"_links":{"self":[{"href":"https:\/\/dgospel.com.br\/portal\/index.php\/wp-json\/wp\/v2\/posts\/18052"}],"collection":[{"href":"https:\/\/dgospel.com.br\/portal\/index.php\/wp-json\/wp\/v2\/posts"}],"about":[{"href":"https:\/\/dgospel.com.br\/portal\/index.php\/wp-json\/wp\/v2\/types\/post"}],"author":[{"embeddable":true,"href":"https:\/\/dgospel.com.br\/portal\/index.php\/wp-json\/wp\/v2\/users\/2"}],"replies":[{"embeddable":true,"href":"https:\/\/dgospel.com.br\/portal\/index.php\/wp-json\/wp\/v2\/comments?post=18052"}],"version-history":[{"count":1,"href":"https:\/\/dgospel.com.br\/portal\/index.php\/wp-json\/wp\/v2\/posts\/18052\/revisions"}],"predecessor-version":[{"id":18054,"href":"https:\/\/dgospel.com.br\/portal\/index.php\/wp-json\/wp\/v2\/posts\/18052\/revisions\/18054"}],"wp:featuredmedia":[{"embeddable":true,"href":"https:\/\/dgospel.com.br\/portal\/index.php\/wp-json\/wp\/v2\/media\/18053"}],"wp:attachment":[{"href":"https:\/\/dgospel.com.br\/portal\/index.php\/wp-json\/wp\/v2\/media?parent=18052"}],"wp:term":[{"taxonomy":"category","embeddable":true,"href":"https:\/\/dgospel.com.br\/portal\/index.php\/wp-json\/wp\/v2\/categories?post=18052"},{"taxonomy":"post_tag","embeddable":true,"href":"https:\/\/dgospel.com.br\/portal\/index.php\/wp-json\/wp\/v2\/tags?post=18052"}],"curies":[{"name":"wp","href":"https:\/\/api.w.org\/{rel}","templated":true}]}}