{"id":18067,"date":"2024-01-02T15:55:54","date_gmt":"2024-01-02T18:55:54","guid":{"rendered":"https:\/\/dgospel.com.br\/portal\/?p=18067"},"modified":"2024-01-02T15:55:56","modified_gmt":"2024-01-02T18:55:56","slug":"governo-do-tocantins-prorroga-medida-provisoria-sobre-pagamento-de-indenizacoes-de-cumulacao-de-responsabilidades-administrativas-dos-policiais-civis","status":"publish","type":"post","link":"https:\/\/dgospel.com.br\/portal\/index.php\/2024\/01\/02\/governo-do-tocantins-prorroga-medida-provisoria-sobre-pagamento-de-indenizacoes-de-cumulacao-de-responsabilidades-administrativas-dos-policiais-civis\/","title":{"rendered":"Governo do Tocantins prorroga Medida Provis\u00f3ria sobre pagamento de indeniza\u00e7\u00f5es de cumula\u00e7\u00e3o de responsabilidades administrativas dos policiais civis"},"content":{"rendered":"\n<p>O Governo do Tocantins editou a Medida Provis\u00f3ria (MP) n\u00ba 25\/2023, alterando o art. 9\u00ba da Lei n\u00ba 3.718\/2020 e prorrogou at\u00e9 31 de dezembro de 2024, o per\u00edodo para pagamento indeniza\u00e7\u00f5es e de cumula\u00e7\u00e3o de responsabilidades administrativas do efetivo da Pol\u00edcia Civil. A mat\u00e9ria foi publicada na edi\u00e7\u00e3o dessa sexta-feira, 29, no Di\u00e1rio Oficial do Estado do Tocantins.<\/p>\n\n\n\n<p>A medida contempla os integrantes da carreira jur\u00eddica de delegado de pol\u00edcia e das carreiras de agente de pol\u00edcia, escriv\u00e3o de pol\u00edcia, agente de necrotomia, papiloscopista e perito oficial da Pol\u00edcia Civil do Estado do Tocantins.<\/p>\n\n\n\n<p>A Lei 3.718\/2020 considera cumula\u00e7\u00e3o de responsabilidades administrativas quando os policiais civis exercem suas atividades legais nas unidades de lota\u00e7\u00e3o e, cumulativamente, em outra unidade da Secretaria da Seguran\u00e7a P\u00fablica, durante jornada normal de trabalho ou escala regular de plant\u00e3o; no cumprimento de plant\u00e3o extraordin\u00e1rio e no cumprimento de sobreaviso extraordin\u00e1rio.<\/p>\n\n\n\n<p>O valor da indeniza\u00e7\u00e3o \u00e9 estabelecido dentro dos limites de percentuais fixados na referida Lei e observa ainda os crit\u00e9rios de popula\u00e7\u00e3o ou de quantidade de ocorr\u00eancias das unidades policiais cumuladas, conforme definido em regulamento.<\/p>\n","protected":false},"excerpt":{"rendered":"<p>O Governo do Tocantins editou a Medida Provis\u00f3ria (MP) n\u00ba 25\/2023, alterando o art. 9\u00ba da Lei n\u00ba 3.718\/2020 e prorrogou at\u00e9 31 de dezembro de 2024, o per\u00edodo para pagamento indeniza\u00e7\u00f5es e de cumula\u00e7\u00e3o de responsabilidades administrativas do efetivo da Pol\u00edcia Civil. A mat\u00e9ria foi publicada na edi\u00e7\u00e3o dessa sexta-feira, 29, no Di\u00e1rio Oficial [&hellip;]<\/p>\n","protected":false},"author":2,"featured_media":18068,"comment_status":"open","ping_status":"open","sticky":false,"template":"","format":"standard","meta":[],"categories":[3],"tags":[13],"_links":{"self":[{"href":"https:\/\/dgospel.com.br\/portal\/index.php\/wp-json\/wp\/v2\/posts\/18067"}],"collection":[{"href":"https:\/\/dgospel.com.br\/portal\/index.php\/wp-json\/wp\/v2\/posts"}],"about":[{"href":"https:\/\/dgospel.com.br\/portal\/index.php\/wp-json\/wp\/v2\/types\/post"}],"author":[{"embeddable":true,"href":"https:\/\/dgospel.com.br\/portal\/index.php\/wp-json\/wp\/v2\/users\/2"}],"replies":[{"embeddable":true,"href":"https:\/\/dgospel.com.br\/portal\/index.php\/wp-json\/wp\/v2\/comments?post=18067"}],"version-history":[{"count":1,"href":"https:\/\/dgospel.com.br\/portal\/index.php\/wp-json\/wp\/v2\/posts\/18067\/revisions"}],"predecessor-version":[{"id":18069,"href":"https:\/\/dgospel.com.br\/portal\/index.php\/wp-json\/wp\/v2\/posts\/18067\/revisions\/18069"}],"wp:featuredmedia":[{"embeddable":true,"href":"https:\/\/dgospel.com.br\/portal\/index.php\/wp-json\/wp\/v2\/media\/18068"}],"wp:attachment":[{"href":"https:\/\/dgospel.com.br\/portal\/index.php\/wp-json\/wp\/v2\/media?parent=18067"}],"wp:term":[{"taxonomy":"category","embeddable":true,"href":"https:\/\/dgospel.com.br\/portal\/index.php\/wp-json\/wp\/v2\/categories?post=18067"},{"taxonomy":"post_tag","embeddable":true,"href":"https:\/\/dgospel.com.br\/portal\/index.php\/wp-json\/wp\/v2\/tags?post=18067"}],"curies":[{"name":"wp","href":"https:\/\/api.w.org\/{rel}","templated":true}]}}